{"id":81382,"date":"2025-09-25T14:30:50","date_gmt":"2025-09-25T19:30:50","guid":{"rendered":"https:\/\/esreviral.com\/?p=81382"},"modified":"2025-09-25T14:30:51","modified_gmt":"2025-09-25T19:30:51","slug":"tras-cinco-renuncias-ahora-focva-expulso-a-una-escuela-venezolana-de-danza-de-cordoba","status":"publish","type":"post","link":"https:\/\/esreviral.com\/?p=81382","title":{"rendered":"Tras cinco renuncias, ahora FOCVA expuls\u00f3 a una escuela venezolana de danza de C\u00f3rdoba"},"content":{"rendered":"\n<p>La Federaci\u00f3n de Organizaciones de la Sociedad Civil de Venezolanos en la Rep\u00fablica Argentina (FOCVA), decidi\u00f3 \u00abexpulsar\u00bb a la <strong>agrupaci\u00f3n Danzas Ra\u00edces Venezuela, con sede en la ciudad de C\u00f3rdoba. <\/strong><\/p>\n\n\n\n<p>Seg\u00fan un comunicado enviado por la secretaria de la organizaci\u00f3n, L\u00eda Valeri, la decisi\u00f3n se tom\u00f3 <strong>\u00abdebido a conductas reiteradas que han afectado la imagen de FOCVA y de sus organizaciones miembro en distintos espacios, tanto nacionales como internacionales\u00bb.<\/strong><\/p>\n\n\n\n<p>Lea tambi\u00e9n: <strong><a href=\"https:\/\/esreviral.com\/?p=80887\">M\u00e9dicos venezolanos denuncian que FOCVA \u201copera ilegalmente\u201d y renuncian a su membres\u00eda <\/a><\/strong><\/p>\n\n\n\n<p>Al ser consultada, cu\u00e1les fueron las conductas no especific\u00f3 alguna pero aclar\u00f3 que \u00ablas conductas fueron evaluadas y documentadas internamente por el Consejo Directivo y el \u00d3rgano Fiscalizador. En resguardo de la confidencialidad y del respeto a las personas, no corresponde difundir detalles. <strong>Lo importante es que FOCVA se rige por procesos claros y decisiones colegiadas para proteger la imagen de la Federaci\u00f3n y sus organizaciones miembro\u00bb.<\/strong><\/p>\n\n\n\n<p>Explicaron que la <strong>agrupaci\u00f3n Danzas Ra\u00edces Venezuela,<\/strong> es dirigida por  Deyxy Lobo, quien a su vez preside la Asociaci\u00f3n de Venezolanos en C\u00f3rdoba y quien se retiro de la federaci\u00f3n el pasado 29 de agosto de 2025, <strong><a href=\"http:\/\/Siguen las disputas entre las asociaciones venezolanas y otra se desliga de FOCVA\">\u00abpara cuidar nuestra autonom\u00eda y de mantenernos fieles a la forma que entendemos por trabajo colectivo\u00bb. <\/a><\/strong><\/p>\n\n\n\n<p>Lea tambi\u00e9n: <strong><a href=\"https:\/\/esreviral.com\/?p=80165\">FOCVA se pronunci\u00f3 ante las renuncias de algunas asociaciones<\/a><\/strong><\/p>\n\n\n\n<p>Desde FOCVA, <strong>\u00ablamentaron profundamente que la actuaci\u00f3n de una directiva haya impactado negativamente en dos espacios culturales distintos.<\/strong> Como Federaci\u00f3n, reafirmamos nuestro compromiso de resguardar la integridad, el respeto y la unidad de nuestras organizaciones miembro, promoviendo siempre la cooperaci\u00f3n y el fortalecimiento de la cultura venezolana\u00bb.<\/p>\n\n\n\n<p>Ahora la Federaci\u00f3n venezolana cuenta s\u00f3lo con 52 organizaciones aliadas, incluyendo los honorarios, tras cinco renuncias, las \u00faltimas cuatro, en menos de un mes. <\/p>\n","protected":false},"excerpt":{"rendered":"<p>La Federaci\u00f3n de Organizaciones de la Sociedad Civil de Venezolanos en la Rep\u00fablica Argentina (FOCVA), decidi\u00f3 \u00abexpulsar\u00bb a la agrupaci\u00f3n Danzas Ra\u00edces Venezuela, con sede en la ciudad de C\u00f3rdoba. Seg\u00fan un comunicado enviado por la secretaria de la organizaci\u00f3n, L\u00eda Valeri, la decisi\u00f3n se tom\u00f3 \u00abdebido a conductas reiteradas que han afectado la imagen [&hellip;]<\/p>\n","protected":false},"author":2,"featured_media":81384,"comment_status":"closed","ping_status":"closed","sticky":false,"template":"","format":"standard","meta":{"jnews-multi-image_gallery":[],"jnews_single_post":{"format":"standard"},"jnews_primary_category":[],"jnews_social_meta":[],"jnews_review":[],"enable_review":"","type":"","name":"","summary":"","brand":"","sku":"","good":[],"bad":[],"score_override":"","override_value":"","rating":[],"price":[],"jnews_override_counter":[],"jnews_post_split":[],"footnotes":""},"categories":[5892],"tags":[44,898,36028,14808,45,67,5291],"class_list":["post-81382","post","type-post","status-publish","format-standard","has-post-thumbnail","hentry","category-venezolanos-en-argentina","tag-argentina","tag-cordoba","tag-danzas-raices-venezuela","tag-focva","tag-noticias","tag-venezolanos-en-argentina","tag-venezolanos-en-cordoba-2"],"_links":{"self":[{"href":"https:\/\/esreviral.com\/index.php?rest_route=\/wp\/v2\/posts\/81382","targetHints":{"allow":["GET"]}}],"collection":[{"href":"https:\/\/esreviral.com\/index.php?rest_route=\/wp\/v2\/posts"}],"about":[{"href":"https:\/\/esreviral.com\/index.php?rest_route=\/wp\/v2\/types\/post"}],"author":[{"embeddable":true,"href":"https:\/\/esreviral.com\/index.php?rest_route=\/wp\/v2\/users\/2"}],"replies":[{"embeddable":true,"href":"https:\/\/esreviral.com\/index.php?rest_route=%2Fwp%2Fv2%2Fcomments&post=81382"}],"version-history":[{"count":1,"href":"https:\/\/esreviral.com\/index.php?rest_route=\/wp\/v2\/posts\/81382\/revisions"}],"predecessor-version":[{"id":81385,"href":"https:\/\/esreviral.com\/index.php?rest_route=\/wp\/v2\/posts\/81382\/revisions\/81385"}],"wp:featuredmedia":[{"embeddable":true,"href":"https:\/\/esreviral.com\/index.php?rest_route=\/wp\/v2\/media\/81384"}],"wp:attachment":[{"href":"https:\/\/esreviral.com\/index.php?rest_route=%2Fwp%2Fv2%2Fmedia&parent=81382"}],"wp:term":[{"taxonomy":"category","embeddable":true,"href":"https:\/\/esreviral.com\/index.php?rest_route=%2Fwp%2Fv2%2Fcategories&post=81382"},{"taxonomy":"post_tag","embeddable":true,"href":"https:\/\/esreviral.com\/index.php?rest_route=%2Fwp%2Fv2%2Ftags&post=81382"}],"curies":[{"name":"wp","href":"https:\/\/api.w.org\/{rel}","templated":true}]}}