{"id":81273,"date":"2025-09-24T15:11:24","date_gmt":"2025-09-24T20:11:24","guid":{"rendered":"https:\/\/esreviral.com\/?p=81273"},"modified":"2025-09-24T15:11:25","modified_gmt":"2025-09-24T20:11:25","slug":"capturaron-a-seis-venezolanos-por-explotacion-de-ninos-indigenas","status":"publish","type":"post","link":"https:\/\/esreviral.com\/?p=81273","title":{"rendered":"Capturaron a seis venezolanos por explotaci\u00f3n de ni\u00f1os ind\u00edgenas"},"content":{"rendered":"\n<p><strong>Las autoridades colombianas capturaron a seis venezolanos que, presuntamente, formaban parte de una red dedicada a la explotaci\u00f3n de ni\u00f1os de cinco a\u00f1os de edad pertenecientes a la etnia ind\u00edgena embera kat\u00edo, oblig\u00e1ndolos a mendigar en parques y zonas tur\u00edsticas de Medell\u00edn.<\/strong><\/p>\n\n\n\n<p class=\"has-text-align-center\"><strong><a href=\"https:\/\/chat.whatsapp.com\/KWkTmakY3I05kNdd2oZl6d\"><em>\u00daNETE A NUESTRO GRUPO DE WHATSAPP PARA ESTAR INFORMADO<\/em><\/a><\/strong><\/p>\n\n\n\n<p>En total, fueron detenidas ocho personas, quienes fueron imputadas por los delitos de concierto para delinquir y explotaci\u00f3n de menores con fines de mendicidad, cargos que no aceptaron.<\/p>\n\n\n\n<p>Seg\u00fan un comunicado de la Fiscal\u00eda, los miembros de la red trasladaban a los menores a lugares como el Parque Lleras y Provenza, en el barrio El Poblado, donde abordaban a turistas nacionales y extranjeros para solicitar productos de primera necesidad, como leche, medicamentos y pa\u00f1ales. Posteriormente, revend\u00edan estos art\u00edculos en farmacias y otros comercios.<\/p>\n\n\n\n<p>El Instituto Colombiano de Bienestar Familiar (ICBF) indic\u00f3 que los ni\u00f1os fueron obligados a mendigar en m\u00e1s de 900 ocasiones durante los \u00faltimos a\u00f1os. Adem\u00e1s, las autoridades clausuraron tres farmacias que supuestamente participaron en la comercializaci\u00f3n il\u00edcita de los productos obtenidos.<\/p>\n\n\n\n<p>Seg\u00fan la Organizaci\u00f3n Nacional Ind\u00edgena de Colombia, el pueblo embera kat\u00edo, al que pertenecen los ni\u00f1os afectados, cuenta con 38.259 personas, de las cuales el 33,5 % reside en el departamento de Antioquia, cuya capital es Medell\u00edn.<\/p>\n\n\n\n<p class=\"has-text-align-center\"><em><strong><em><strong><em><strong><em><strong><a href=\"https:\/\/t.me\/esreviral\">\u00daNETE A NUESTRO CANAL DE TELEGRAM PARA ESTAR INFORMADO<\/a><\/strong><\/em><\/strong><\/em><\/strong><\/em><\/strong><\/em><\/p>\n\n\n\n<p class=\"has-text-align-right\"><strong><em>Con Informaci\u00f3n de elnacional.com.-<\/em><\/strong><\/p>\n","protected":false},"excerpt":{"rendered":"<p>Los miembros de la red supuestamente llevaban a los menores a sitios donde abordaban a turistas nacionales y extranjeros para pedirles productos de primera necesidad como leche, medicamentos y pa\u00f1ales<\/p>\n","protected":false},"author":3,"featured_media":81274,"comment_status":"closed","ping_status":"closed","sticky":false,"template":"","format":"standard","meta":{"jnews-multi-image_gallery":[],"jnews_single_post":{"format":"standard"},"jnews_primary_category":[],"jnews_social_meta":[],"jnews_review":[],"enable_review":"","type":"","name":"","summary":"","brand":"","sku":"","good":[],"bad":[],"score_override":"","override_value":"","rating":[],"price":[],"jnews_override_counter":[],"jnews_post_split":[],"footnotes":""},"categories":[54,88,64],"tags":[14483,283,35930,35931,7538,743],"class_list":["post-81273","post","type-post","status-publish","format-standard","has-post-thumbnail","hentry","category-inmigracion","category-internacionales","category-sucesos","tag-autoridades-colombianas","tag-colombia","tag-etnia-indigena","tag-explotacion-de-ninos-indigenas","tag-medellin","tag-venezolanos-en-colombia"],"_links":{"self":[{"href":"https:\/\/esreviral.com\/index.php?rest_route=\/wp\/v2\/posts\/81273","targetHints":{"allow":["GET"]}}],"collection":[{"href":"https:\/\/esreviral.com\/index.php?rest_route=\/wp\/v2\/posts"}],"about":[{"href":"https:\/\/esreviral.com\/index.php?rest_route=\/wp\/v2\/types\/post"}],"author":[{"embeddable":true,"href":"https:\/\/esreviral.com\/index.php?rest_route=\/wp\/v2\/users\/3"}],"replies":[{"embeddable":true,"href":"https:\/\/esreviral.com\/index.php?rest_route=%2Fwp%2Fv2%2Fcomments&post=81273"}],"version-history":[{"count":1,"href":"https:\/\/esreviral.com\/index.php?rest_route=\/wp\/v2\/posts\/81273\/revisions"}],"predecessor-version":[{"id":81275,"href":"https:\/\/esreviral.com\/index.php?rest_route=\/wp\/v2\/posts\/81273\/revisions\/81275"}],"wp:featuredmedia":[{"embeddable":true,"href":"https:\/\/esreviral.com\/index.php?rest_route=\/wp\/v2\/media\/81274"}],"wp:attachment":[{"href":"https:\/\/esreviral.com\/index.php?rest_route=%2Fwp%2Fv2%2Fmedia&parent=81273"}],"wp:term":[{"taxonomy":"category","embeddable":true,"href":"https:\/\/esreviral.com\/index.php?rest_route=%2Fwp%2Fv2%2Fcategories&post=81273"},{"taxonomy":"post_tag","embeddable":true,"href":"https:\/\/esreviral.com\/index.php?rest_route=%2Fwp%2Fv2%2Ftags&post=81273"}],"curies":[{"name":"wp","href":"https:\/\/api.w.org\/{rel}","templated":true}]}}