{"id":81095,"date":"2025-09-22T11:13:00","date_gmt":"2025-09-22T16:13:00","guid":{"rendered":"https:\/\/esreviral.com\/?p=81095"},"modified":"2025-09-22T11:54:46","modified_gmt":"2025-09-22T16:54:46","slug":"fmi-celebro-el-respaldo-de-estados-unidos-a-argentina","status":"publish","type":"post","link":"https:\/\/esreviral.com\/?p=81095","title":{"rendered":"FMI celebr\u00f3 el respaldo de Estados Unidos a Argentina"},"content":{"rendered":"\n<p>La directora gerente del <strong>Fondo Monetario Internacional (FMI), Kristalina Georgieva<\/strong>, celebr\u00f3 la declaraci\u00f3n de apoyo del secretario del Tesoro de Estados Unidos, <strong>Scott Bessent<\/strong>, al gobierno argentino.<\/p>\n\n\n\n<p><em>\u00abAcogemos con satisfacci\u00f3n la declaraci\u00f3n de apoyo de Scott Bessent a Argentina. Esto subraya el papel crucial de los socios en la promoci\u00f3n de pol\u00edticas s\u00f3lidas de estabilizaci\u00f3n y crecimiento en beneficio del pueblo argentino\u00bb<\/em>, expres\u00f3 Georgieva en X.<\/p>\n\n\n\n<p>Minutos despu\u00e9s, el <strong>ministro de Econom\u00eda, Luis Caputo<\/strong>, respondi\u00f3: <em>\u00abGracias Kristalina por tu permanente apoyo y al equipo del FMI\u00bb<\/em>.<\/p>\n\n\n\n<p class=\"has-text-align-center\"><strong><a href=\"https:\/\/chat.whatsapp.com\/KWkTmakY3I05kNdd2oZl6d\"><em>\u00daNETE A NUESTRO GRUPO DE WHATSAPP PARA ESTAR INFORMADO<\/em><\/a><\/strong><\/p>\n\n\n\n<blockquote class=\"twitter-tweet\"><p lang=\"en\" dir=\"ltr\">We welcome <a href=\"https:\/\/twitter.com\/SecScottBessent?ref_src=twsrc%5Etfw\">@SecScottBessent<\/a>\u2019s statement of support for Argentina. This underscores the crucial role of partners in promoting strong policies for stabilization and growth for the benefit of the people of Argentina. <a href=\"https:\/\/t.co\/sl5J2Ziijp\">https:\/\/t.co\/sl5J2Ziijp<\/a><\/p>&mdash; Kristalina Georgieva (@KGeorgieva) <a href=\"https:\/\/twitter.com\/KGeorgieva\/status\/1970152664647532947?ref_src=twsrc%5Etfw\">September 22, 2025<\/a><\/blockquote> <script async src=\"https:\/\/platform.twitter.com\/widgets.js\" charset=\"utf-8\"><\/script>\n\n\n\n<p><\/p>\n\n\n\n<p>El respaldo de Washington se dio en un contexto de creciente tensi\u00f3n cambiaria y posible asistencia al <strong>Banco Central<\/strong> para reforzar reservas. Bessent asegur\u00f3 que el Tesoro estadounidense <em>\u201cest\u00e1 preparado para hacer lo necesario dentro de su mandato\u201d<\/em> y remarc\u00f3 que <em>\u201ctodas las opciones de estabilizaci\u00f3n est\u00e1n sobre la mesa\u201d<\/em>. Entre ellas mencion\u00f3 <strong>l\u00edneas de swap, compras directas de divisas y adquisiciones de deuda soberana en d\u00f3lares<\/strong> a trav\u00e9s del Fondo de Estabilizaci\u00f3n Cambiaria.<\/p>\n\n\n\n<p>En sus mensajes, el funcionario \u2014clave en la administraci\u00f3n de Donald Trump\u2014 defini\u00f3 a <strong>Argentina como un aliado sist\u00e9micamente importante en Am\u00e9rica Latina<\/strong>, elogi\u00f3 las reformas del presidente Javier Milei y sostuvo que <em>\u201clas oportunidades para la inversi\u00f3n privada siguen siendo amplias, y Argentina volver\u00e1 a ser grande\u201d<\/em>.<\/p>\n\n\n\n<p>El <strong>Departamento del Tesoro<\/strong> confirm\u00f3 que este martes en Nueva York se llevar\u00e1 a cabo una reuni\u00f3n entre <strong>Bessent, Trump y Milei<\/strong> para coordinar pr\u00f3ximos pasos en materia de cooperaci\u00f3n financiera y comercial. Tanto el mandatario argentino como Caputo agradecieron p\u00fablicamente el apoyo de Estados Unidos.<\/p>\n\n\n\n<p>Por otra parte, Milei mantiene pendiente un encuentro con <strong>Georgieva<\/strong>, que se pospuso este lunes y ser\u00eda el primero tras el acuerdo firmado en abril con el organismo.<\/p>\n\n\n\n<p>D\u00edas atr\u00e1s, la vocera del FMI, <strong>Julie Kozack<\/strong>, destac\u00f3 que el Fondo trabaja estrechamente con las autoridades argentinas en la implementaci\u00f3n del programa econ\u00f3mico: <em>\u201cRespaldamos su compromiso de garantizar la sostenibilidad del marco cambiario y monetario, as\u00ed como su adhesi\u00f3n al ancla fiscal y a la agenda integral de desregulaci\u00f3n\u201d<\/em>.<\/p>\n\n\n\n<h3 class=\"wp-block-heading\"><strong><mark style=\"background-color:rgba(0, 0, 0, 0)\" class=\"has-inline-color has-vivid-red-color\">Reservas en tensi\u00f3n y vencimientos inmediatos<\/mark><\/strong><\/h3>\n\n\n\n<p>El escenario financiero sigue siendo cr\u00edtico: la semana pasada, el <strong>Banco Central<\/strong> vendi\u00f3 m\u00e1s de <strong>USD 1.100 millones en solo tres d\u00edas<\/strong>, perdiendo casi todas las divisas acumuladas en el a\u00f1o.<\/p>\n\n\n\n<p>Los vencimientos m\u00e1s pr\u00f3ximos presionan a\u00fan m\u00e1s: <strong>USD 2.200 millones con privados antes de fin de a\u00f1o<\/strong>, y en enero comienza el calendario de <strong>Globales y Bonares 2026<\/strong>, con un pago de <strong>USD 4.200 millones<\/strong>, de los cuales un 85% est\u00e1 en manos privadas.<\/p>\n\n\n\n<p>Actualmente, el Ejecutivo dispone de <strong>USD 640 millones en dep\u00f3sitos del Tesoro<\/strong> y cerca de <strong>USD 40.000 millones en reservas brutas<\/strong>, aunque apenas <strong>USD 6.400 millones son de libre disponibilidad<\/strong>.<\/p>\n\n\n\n<p>Seg\u00fan la consultora 1816, entre septiembre de 2025 y diciembre de 2027, los vencimientos en d\u00f3lares de Tesoro y BCRA suman <strong>USD 34.200 millones<\/strong>, sin incluir compromisos con organismos como el FMI, que se da por hecho ser\u00e1n renovados.<\/p>\n\n\n\n<p>En este contexto, el mercado financiero sigue con atenci\u00f3n la posibilidad de un <strong>auxilio directo del Tesoro estadounidense<\/strong>, que podr\u00eda definirse en la cumbre bilateral en Nueva York.<\/p>\n\n\n\n<p class=\"has-text-align-center\"><em><strong><em><strong><em><strong><em><strong><a href=\"https:\/\/t.me\/esreviral\">\u00daNETE A NUESTRO CANAL DE TELEGRAM PARA ESTAR INFORMADO<\/a><\/strong><\/em><\/strong><\/em><\/strong><\/em><\/strong><\/em><\/p>\n\n\n\n<p class=\"has-text-align-right\"><strong><em>Con Informaci\u00f3n de Infobae.-<\/em><\/strong><\/p>\n","protected":false},"excerpt":{"rendered":"<p>La titular del Fondo Monetario celebr\u00f3 el anuncio del secretario del Tesoro, Scott Bessent.<\/p>\n","protected":false},"author":3,"featured_media":81096,"comment_status":"closed","ping_status":"closed","sticky":false,"template":"","format":"standard","meta":{"jnews-multi-image_gallery":[],"jnews_single_post":{"format":"standard"},"jnews_primary_category":[],"jnews_social_meta":[],"jnews_review":[],"enable_review":"","type":"","name":"","summary":"","brand":"","sku":"","good":[],"bad":[],"score_override":"","override_value":"","rating":[],"price":[],"jnews_override_counter":[],"jnews_post_split":[],"footnotes":""},"categories":[58,61],"tags":[44,1871,23264,45],"class_list":["post-81095","post","type-post","status-publish","format-standard","has-post-thumbnail","hentry","category-argentina","category-economia","tag-argentina","tag-fondo-monetario-internacional","tag-kristalina-georgieva","tag-noticias"],"_links":{"self":[{"href":"https:\/\/esreviral.com\/index.php?rest_route=\/wp\/v2\/posts\/81095","targetHints":{"allow":["GET"]}}],"collection":[{"href":"https:\/\/esreviral.com\/index.php?rest_route=\/wp\/v2\/posts"}],"about":[{"href":"https:\/\/esreviral.com\/index.php?rest_route=\/wp\/v2\/types\/post"}],"author":[{"embeddable":true,"href":"https:\/\/esreviral.com\/index.php?rest_route=\/wp\/v2\/users\/3"}],"replies":[{"embeddable":true,"href":"https:\/\/esreviral.com\/index.php?rest_route=%2Fwp%2Fv2%2Fcomments&post=81095"}],"version-history":[{"count":2,"href":"https:\/\/esreviral.com\/index.php?rest_route=\/wp\/v2\/posts\/81095\/revisions"}],"predecessor-version":[{"id":81102,"href":"https:\/\/esreviral.com\/index.php?rest_route=\/wp\/v2\/posts\/81095\/revisions\/81102"}],"wp:featuredmedia":[{"embeddable":true,"href":"https:\/\/esreviral.com\/index.php?rest_route=\/wp\/v2\/media\/81096"}],"wp:attachment":[{"href":"https:\/\/esreviral.com\/index.php?rest_route=%2Fwp%2Fv2%2Fmedia&parent=81095"}],"wp:term":[{"taxonomy":"category","embeddable":true,"href":"https:\/\/esreviral.com\/index.php?rest_route=%2Fwp%2Fv2%2Fcategories&post=81095"},{"taxonomy":"post_tag","embeddable":true,"href":"https:\/\/esreviral.com\/index.php?rest_route=%2Fwp%2Fv2%2Ftags&post=81095"}],"curies":[{"name":"wp","href":"https:\/\/api.w.org\/{rel}","templated":true}]}}