{"id":81032,"date":"2025-09-20T08:59:23","date_gmt":"2025-09-20T13:59:23","guid":{"rendered":"https:\/\/esreviral.com\/?p=81032"},"modified":"2025-09-20T08:59:24","modified_gmt":"2025-09-20T13:59:24","slug":"un-custodio-de-cristina-kirchner-mato-a-tiros-a-un-ladron-que-quiso-robarle-la-moto-en-una-autopista","status":"publish","type":"post","link":"https:\/\/esreviral.com\/?p=81032","title":{"rendered":"Un custodio de Cristina Kirchner mat\u00f3 a tiros a un ladr\u00f3n que quiso robarle la moto en una autopista\u00a0"},"content":{"rendered":"\n<p>Un custodio de la expresidenta <strong>Cristina Fern\u00e1ndez de Kirchner se enfrent\u00f3 a tiros con dos ladrones en moto que intentaron asaltarlo en la localidad bonaerense de Jos\u00e9 Le\u00f3n Su\u00e1rez (partido de San Mart\u00edn). <\/strong>El hecho ocurri\u00f3 anteanoche y termin\u00f3 con uno de los delincuentes muerto y el otro pr\u00f3fugo.<\/p>\n\n\n\n<p class=\"has-text-align-center\"><strong><a href=\"https:\/\/chat.whatsapp.com\/KWkTmakY3I05kNdd2oZl6d\"><em>\u00daNETE A NUESTRO GRUPO DE WHATSAPP PARA ESTAR INFORMADO<\/em><\/a><\/strong><\/p>\n\n\n<div class=\"wp-block-image\">\n<figure class=\"aligncenter size-large\"><img decoding=\"async\" src=\"https:\/\/tn.com.ar\/resizer\/v2\/el-custodio-de-cristina-kirchner-salio-ileso-del-tiroteo-foto-captura-tn-X2JISAUCFZDZDGHKQIJE36N4P4.jpg?auth=730a9ed4f83b2b8c2390d871be92a0c29eeecea16d53a5d77dc84f2d27e5530c&amp;width=1440\" alt=\"\"\/><figcaption class=\"wp-element-caption\">El custodio de Cristina Kirchner sali\u00f3 ileso del tiroteo.\u00a0<\/figcaption><\/figure><\/div>\n\n\n<p><\/p>\n\n\n\n<p>Seg\u00fan fuentes policiales, el episodio ocurri\u00f3 cerca de las <strong>21.40<\/strong>, cuando el sargento <strong>Carlos Alberto Carranza<\/strong> (47), integrante del <strong>Centro Estrat\u00e9gico de Control Operacional y Custodia de Exmandatarios<\/strong> de la Polic\u00eda Federal, regresaba a su casa vestido de civil tras cumplir tareas de custodia. Circulaba en su moto Honda CG 150 por el <strong>Camino del Buen Ayre<\/strong>, a la altura del complejo penitenciario <strong>Unidad 48<\/strong>, cuando fue interceptado por dos hombres a bordo de otra motocicleta.<\/p>\n\n\n\n<p>El acompa\u00f1ante de los ladrones extrajo un arma y oblig\u00f3 al agente a descender de su veh\u00edculo. En ese momento, Carranza se identific\u00f3 como polic\u00eda y sac\u00f3 su pistola reglamentaria <strong>Bersa Thunder 9 mm<\/strong>. Se produjo un breve tiroteo en el que uno de los atacantes fue herido de gravedad, mientras que su c\u00f3mplice escap\u00f3 a pie por la zona parquizada cercana al <strong>puente Andrade<\/strong>.<\/p>\n\n\n\n<p>El delincuente baleado fue trasladado al <strong>Hospital Bocalandro<\/strong> de Loma Hermosa, donde falleci\u00f3 durante una operaci\u00f3n. En tanto, Carranza result\u00f3 ileso. La moto de los asaltantes qued\u00f3 abandonada en la escena, sin patente visible ni n\u00fameros identificatorios en motor y chasis.<\/p>\n\n\n\n<p>El caso qued\u00f3 a cargo de la <strong>Fiscal\u00eda N.\u00ba 6 de San Mart\u00edn<\/strong>, que dispuso la declaraci\u00f3n testimonial del custodio y el secuestro de su arma para las pericias correspondientes. Adem\u00e1s, se analizan las c\u00e1maras de seguridad de la autopista y accesos cercanos para identificar al pr\u00f3fugo.<\/p>\n\n\n\n<p>La Polic\u00eda Bonaerense se sum\u00f3 al operativo y mantiene un despliegue en la zona para dar con el segundo involucrado.<\/p>\n\n\n\n<p class=\"has-text-align-center\"><em><strong><em><strong><em><strong><em><strong><a href=\"https:\/\/t.me\/esreviral\">\u00daNETE A NUESTRO CANAL DE TELEGRAM PARA ESTAR INFORMADO<\/a><\/strong><\/em><\/strong><\/em><\/strong><\/em><\/strong><\/em><\/p>\n\n\n\n<p class=\"has-text-align-right\"><strong><em>Con Informaci\u00f3n de\u00a0Clarin.-<\/em><\/strong><\/p>\n","protected":false},"excerpt":{"rendered":"<p>Ocurri\u00f3 en Camino del Buen Ayre, en Jos\u00e9 Le\u00f3n Su\u00e1rez. Dos asaltantes iban en una moto y uno de ellos se escap\u00f3.<\/p>\n","protected":false},"author":3,"featured_media":81033,"comment_status":"closed","ping_status":"closed","sticky":false,"template":"","format":"standard","meta":{"jnews-multi-image_gallery":[],"jnews_single_post":{"format":"standard"},"jnews_primary_category":[],"jnews_social_meta":[],"jnews_review":[],"enable_review":"","type":"","name":"","summary":"","brand":"","sku":"","good":[],"bad":[],"score_override":"","override_value":"","rating":[],"price":[],"jnews_override_counter":[],"jnews_post_split":[],"footnotes":""},"categories":[58,64],"tags":[12010,10996,7061,33663,23722,45],"class_list":["post-81032","post","type-post","status-publish","format-standard","has-post-thumbnail","hentry","category-argentina","category-sucesos","tag-autopista","tag-custodio","tag-ladron-2","tag-ladrones-en-moto","tag-mato-a-tiros","tag-noticias"],"amp_enabled":true,"_links":{"self":[{"href":"https:\/\/esreviral.com\/index.php?rest_route=\/wp\/v2\/posts\/81032"}],"collection":[{"href":"https:\/\/esreviral.com\/index.php?rest_route=\/wp\/v2\/posts"}],"about":[{"href":"https:\/\/esreviral.com\/index.php?rest_route=\/wp\/v2\/types\/post"}],"author":[{"embeddable":true,"href":"https:\/\/esreviral.com\/index.php?rest_route=\/wp\/v2\/users\/3"}],"replies":[{"embeddable":true,"href":"https:\/\/esreviral.com\/index.php?rest_route=%2Fwp%2Fv2%2Fcomments&post=81032"}],"version-history":[{"count":1,"href":"https:\/\/esreviral.com\/index.php?rest_route=\/wp\/v2\/posts\/81032\/revisions"}],"predecessor-version":[{"id":81034,"href":"https:\/\/esreviral.com\/index.php?rest_route=\/wp\/v2\/posts\/81032\/revisions\/81034"}],"wp:featuredmedia":[{"embeddable":true,"href":"https:\/\/esreviral.com\/index.php?rest_route=\/wp\/v2\/media\/81033"}],"wp:attachment":[{"href":"https:\/\/esreviral.com\/index.php?rest_route=%2Fwp%2Fv2%2Fmedia&parent=81032"}],"wp:term":[{"taxonomy":"category","embeddable":true,"href":"https:\/\/esreviral.com\/index.php?rest_route=%2Fwp%2Fv2%2Fcategories&post=81032"},{"taxonomy":"post_tag","embeddable":true,"href":"https:\/\/esreviral.com\/index.php?rest_route=%2Fwp%2Fv2%2Ftags&post=81032"}],"curies":[{"name":"wp","href":"https:\/\/api.w.org\/{rel}","templated":true}]}}