{"id":80900,"date":"2025-09-18T07:53:32","date_gmt":"2025-09-18T12:53:32","guid":{"rendered":"https:\/\/esreviral.com\/?p=80900"},"modified":"2025-09-18T07:53:33","modified_gmt":"2025-09-18T12:53:33","slug":"un-ramal-del-tren-mitre-no-funcionara-por-cuatro-dias-cual-es-y-hasta-cuando","status":"publish","type":"post","link":"https:\/\/esreviral.com\/?p=80900","title":{"rendered":"Un ramal del tren Mitre no funcionar\u00e1 por cuatro d\u00edas: cu\u00e1l es y hasta cu\u00e1ndo"},"content":{"rendered":"\n<p><strong>Trenes Argentinos anunci\u00f3 que el ramal Tigre de la l\u00ednea Mitre permanecer\u00e1 interrumpido desde el s\u00e1bado 20 hasta el martes 23 de septiembre debido a tareas de mantenimiento urgente. En ese mismo per\u00edodo, los ramales Jos\u00e9 Le\u00f3n Su\u00e1rez y Bartolom\u00e9 Mitre prestar\u00e1n un servicio reducido, en el marco de las obras incluidas en la Emergencia Ferroviaria decretada por el Gobierno de Javier Milei.<\/strong><\/p>\n\n\n\n<p class=\"has-text-align-center\"><strong><a href=\"https:\/\/whatsapp.com\/channel\/0029VaAz7PmBKfhwZ5V3Gk2t\"><em>\u00daNETE A NUESTRO GRUPO DE WHATSAPP PARA ESTAR INFORMADO<\/em><\/a><\/strong><\/p>\n\n\n\n<p>El corte del ramal Tigre responde a trabajos para revertir el deterioro de una infraestructura con m\u00e1s de 40 a\u00f1os de uso, que viene generando demoras, cancelaciones y restricciones de velocidad en m\u00e1s de 40 tramos.<\/p>\n\n\n\n<p>Las principales intervenciones se realizar\u00e1n en la estaci\u00f3n Acassuso, entre los cruces de G\u00fcemes y Per\u00fa, donde se desarmar\u00e1n y montar\u00e1n nuevas v\u00edas, adem\u00e1s de reconectar el sistema de se\u00f1alamiento para reforzar la seguridad operativa. En paralelo, en la estaci\u00f3n Beccar \u2014entre el paso peatonal Sarand\u00ed y el paso a nivel Ayacucho\u2014 se llevar\u00e1 a cabo una renovaci\u00f3n integral de v\u00edas, la instalaci\u00f3n del tercer riel y la vinculaci\u00f3n al sistema de se\u00f1alamiento.<\/p>\n\n\n\n<p>Tambi\u00e9n avanzar\u00e1n las tareas de colocaci\u00f3n de fibra \u00f3ptica y la implementaci\u00f3n de un nuevo sistema de se\u00f1alamiento entre las estaciones Tres de Febrero y Colegiales.<\/p>\n\n\n\n<p><strong><mark style=\"background-color:rgba(0, 0, 0, 0)\" class=\"has-inline-color has-vivid-red-color\">Servicio reducido en los ramales J. L. Su\u00e1rez y B. Mitre<\/mark><\/strong><br>Entre el 20 y el 23 de septiembre, los ramales Jos\u00e9 Le\u00f3n Su\u00e1rez y Bartolom\u00e9 Mitre no llegar\u00e1n a Retiro: funcionar\u00e1n \u00fanicamente entre la estaci\u00f3n Belgrano R y sus cabeceras respectivas.<\/p>\n\n\n\n<p>Se prev\u00e9 que el mi\u00e9rcoles 24 de septiembre los tres ramales retomen su servicio habitual.<\/p>\n\n\n\n<p class=\"has-text-align-center\"><em><strong><em><strong><em><strong><em><strong><a href=\"https:\/\/t.me\/esreviral\">\u00daNETE A NUESTRO CANAL DE TELEGRAM PARA ESTAR INFORMADO<\/a><\/strong><\/em><\/strong><\/em><\/strong><\/em><\/strong><\/em><\/p>\n\n\n\n<p class=\"has-text-align-right\"><strong><em>Con Informaci\u00f3n de&nbsp;TN.-<\/em><\/strong><\/p>\n","protected":false},"excerpt":{"rendered":"<p>Adem\u00e1s, habr\u00e1 otros dos ramales que no llegar\u00e1n a Retiro durante ese lapso de tiempo. Enterate cu\u00e1les son y las obras que se llevar\u00e1n a cabo el pr\u00f3ximo fin de semana.<\/p>\n","protected":false},"author":3,"featured_media":65942,"comment_status":"closed","ping_status":"closed","sticky":false,"template":"","format":"standard","meta":{"jnews-multi-image_gallery":[],"jnews_single_post":{"format":"standard"},"jnews_primary_category":[],"jnews_social_meta":[],"jnews_review":[],"enable_review":"","type":"","name":"","summary":"","brand":"","sku":"","good":[],"bad":[],"score_override":"","override_value":"","rating":[],"price":[],"jnews_override_counter":[],"jnews_post_split":[],"footnotes":""},"categories":[58],"tags":[44,45,2379,8544,2125,4179],"class_list":["post-80900","post","type-post","status-publish","format-standard","has-post-thumbnail","hentry","category-argentina","tag-argentina","tag-noticias","tag-obras","tag-tren-mitre","tag-trenes","tag-trenes-argentinos"],"amp_enabled":true,"_links":{"self":[{"href":"https:\/\/esreviral.com\/index.php?rest_route=\/wp\/v2\/posts\/80900"}],"collection":[{"href":"https:\/\/esreviral.com\/index.php?rest_route=\/wp\/v2\/posts"}],"about":[{"href":"https:\/\/esreviral.com\/index.php?rest_route=\/wp\/v2\/types\/post"}],"author":[{"embeddable":true,"href":"https:\/\/esreviral.com\/index.php?rest_route=\/wp\/v2\/users\/3"}],"replies":[{"embeddable":true,"href":"https:\/\/esreviral.com\/index.php?rest_route=%2Fwp%2Fv2%2Fcomments&post=80900"}],"version-history":[{"count":1,"href":"https:\/\/esreviral.com\/index.php?rest_route=\/wp\/v2\/posts\/80900\/revisions"}],"predecessor-version":[{"id":80902,"href":"https:\/\/esreviral.com\/index.php?rest_route=\/wp\/v2\/posts\/80900\/revisions\/80902"}],"wp:featuredmedia":[{"embeddable":true,"href":"https:\/\/esreviral.com\/index.php?rest_route=\/wp\/v2\/media\/65942"}],"wp:attachment":[{"href":"https:\/\/esreviral.com\/index.php?rest_route=%2Fwp%2Fv2%2Fmedia&parent=80900"}],"wp:term":[{"taxonomy":"category","embeddable":true,"href":"https:\/\/esreviral.com\/index.php?rest_route=%2Fwp%2Fv2%2Fcategories&post=80900"},{"taxonomy":"post_tag","embeddable":true,"href":"https:\/\/esreviral.com\/index.php?rest_route=%2Fwp%2Fv2%2Ftags&post=80900"}],"curies":[{"name":"wp","href":"https:\/\/api.w.org\/{rel}","templated":true}]}}