{"id":8087,"date":"2021-07-05T14:15:04","date_gmt":"2021-07-05T17:15:04","guid":{"rendered":"http:\/\/esreviral.com\/?p=8087"},"modified":"2021-07-05T14:15:04","modified_gmt":"2021-07-05T17:15:04","slug":"venezolanos-varados-protestaron-frente-a-la-cancilleria-de-argentina-fotos","status":"publish","type":"post","link":"https:\/\/esreviral.com\/?p=8087","title":{"rendered":"Venezolanos varados protestaron frente a la canciller\u00eda de Argentina (+FOTOS)"},"content":{"rendered":"\n<p>Luego de dos manifestaciones pac\u00edficas sin tener respuesta positiva en la embajada venezolana, las m\u00e1s de 500 personas que est\u00e1n varadas y otras que quieren retornar a su pa\u00eds, protestaron en las afueras de la Canciller\u00eda de Argentina, donde entregaron un documento para pedir ayuda y aceleren el proceso de regreso. <\/p>\n\n\n\n<p>\u00abNos recibieron muy bien y respetuosamente. Escucharon la petici\u00f3n y recibieron el documento\u00bb, inform\u00f3 Keny Oropeza, quien es uno de los organizadores. <\/p>\n\n\n\n<figure class=\"wp-block-image size-large\"><img decoding=\"async\" src=\"https:\/\/esreviral.com\/wp-content\/uploads\/2021\/07\/WhatsApp-Image-2021-07-05-at-13.02.10-576x1024.jpeg\" alt=\"\" class=\"wp-image-8088\"\/><figcaption>Esta fue la carta petitoria que entregaron<\/figcaption><\/figure>\n\n\n\n<p>Actualmente el canciller Felipe Sol\u00e1, se encuentra fuera del pa\u00eds, pero una comisi\u00f3n de su despacho recibi\u00f3 la carta. Sin embargo, ser\u00e1 en 10 aproximadamente, cuando les den alguna respuesta. <\/p>\n\n\n\n<p>Informaron que este jueves a las 9 am, volver\u00e1n a la embajada venezolana a protestar para ejercer presi\u00f3n hasta que les habiliten un vuelo humanitario. <\/p>\n\n\n\n<figure class=\"wp-block-image size-large\"><img decoding=\"async\" src=\"https:\/\/esreviral.com\/wp-content\/uploads\/2021\/07\/WhatsApp-Image-2021-07-05-at-13.08.19-768x1024.jpeg\" alt=\"\" class=\"wp-image-8089\"\/><\/figure>\n\n\n\n<figure class=\"wp-block-image size-large\"><img decoding=\"async\" src=\"https:\/\/esreviral.com\/wp-content\/uploads\/2021\/07\/WhatsApp-Image-2021-07-05-at-13.09.01-768x1024.jpeg\" alt=\"\" class=\"wp-image-8090\"\/><\/figure>\n","protected":false},"excerpt":{"rendered":"<p>Este pr\u00f3ximo jueves a las 9AM, volver\u00e1n a la embajada venezolana para ejercer presi\u00f3n<\/p>\n","protected":false},"author":2,"featured_media":8091,"comment_status":"open","ping_status":"open","sticky":false,"template":"","format":"standard","meta":{"jnews-multi-image_gallery":[],"jnews_single_post":[],"jnews_primary_category":[],"jnews_social_meta":[],"jnews_review":[],"enable_review":"","type":"","name":"","summary":"","brand":"","sku":"","good":[],"bad":[],"score_override":"","override_value":"","rating":[],"price":[],"jnews_override_counter":[],"jnews_post_split":[],"footnotes":""},"categories":[54],"tags":[45,126,67,71],"class_list":["post-8087","post","type-post","status-publish","format-standard","has-post-thumbnail","hentry","category-inmigracion","tag-noticias","tag-protesta","tag-venezolanos-en-argentina","tag-venezolanos-varados"],"_links":{"self":[{"href":"https:\/\/esreviral.com\/index.php?rest_route=\/wp\/v2\/posts\/8087","targetHints":{"allow":["GET"]}}],"collection":[{"href":"https:\/\/esreviral.com\/index.php?rest_route=\/wp\/v2\/posts"}],"about":[{"href":"https:\/\/esreviral.com\/index.php?rest_route=\/wp\/v2\/types\/post"}],"author":[{"embeddable":true,"href":"https:\/\/esreviral.com\/index.php?rest_route=\/wp\/v2\/users\/2"}],"replies":[{"embeddable":true,"href":"https:\/\/esreviral.com\/index.php?rest_route=%2Fwp%2Fv2%2Fcomments&post=8087"}],"version-history":[{"count":0,"href":"https:\/\/esreviral.com\/index.php?rest_route=\/wp\/v2\/posts\/8087\/revisions"}],"wp:featuredmedia":[{"embeddable":true,"href":"https:\/\/esreviral.com\/index.php?rest_route=\/"}],"wp:attachment":[{"href":"https:\/\/esreviral.com\/index.php?rest_route=%2Fwp%2Fv2%2Fmedia&parent=8087"}],"wp:term":[{"taxonomy":"category","embeddable":true,"href":"https:\/\/esreviral.com\/index.php?rest_route=%2Fwp%2Fv2%2Fcategories&post=8087"},{"taxonomy":"post_tag","embeddable":true,"href":"https:\/\/esreviral.com\/index.php?rest_route=%2Fwp%2Fv2%2Ftags&post=8087"}],"curies":[{"name":"wp","href":"https:\/\/api.w.org\/{rel}","templated":true}]}}