{"id":80841,"date":"2025-09-17T08:35:47","date_gmt":"2025-09-17T13:35:47","guid":{"rendered":"https:\/\/esreviral.com\/?p=80841"},"modified":"2025-09-17T08:35:48","modified_gmt":"2025-09-17T13:35:48","slug":"el-papa-expulso-del-sacerdocio-a-un-cura-italiano-encarcelado-por-abuso-sexual-de-menores","status":"publish","type":"post","link":"https:\/\/esreviral.com\/?p=80841","title":{"rendered":"El Papa expuls\u00f3 del sacerdocio a un cura italiano encarcelado por abuso sexual de menores"},"content":{"rendered":"\n<p><strong>El papa Le\u00f3n XIV firm\u00f3 el decreto que expulsa del estado clerical al di\u00e1cono italiano Alessandro Frateschi, actualmente preso en la c\u00e1rcel de Latina, en el centro de Italia, por abusar sexualmente de cinco menores a quienes ense\u00f1aba religi\u00f3n en el instituto entre 2018 y enero de 2023.<\/strong><\/p>\n\n\n\n<p>La notificaci\u00f3n se realiz\u00f3 este martes en prisi\u00f3n, donde Frateschi fue informado de que, entre otras medidas, ya no podr\u00e1 hablar en nombre de la Iglesia, dar homil\u00edas ni desempe\u00f1ar cargos en seminarios o parroquias, seg\u00fan informaron medios locales.<\/p>\n\n\n\n<p class=\"has-text-align-center\"><strong><a href=\"https:\/\/whatsapp.com\/channel\/0029VaAz7PmBKfhwZ5V3Gk2t\"><em>\u00daNETE A NUESTRO GRUPO DE WHATSAPP PARA ESTAR INFORMADO<\/em><\/a><\/strong><\/p>\n\n\n<div class=\"wp-block-image\">\n<figure class=\"aligncenter size-large\"><img decoding=\"async\" src=\"https:\/\/elnacional-uploads.nyc3.digitaloceanspaces.com\/wp-content\/uploads\/2025\/09\/16091108\/jbjbhhb.png\" alt=\"\"\/><figcaption class=\"wp-element-caption\">Alessandro Frateschi busc\u00f3 en varias ocasiones el contacto f\u00edsico con sus alumnos con el objetivo de cometer abuso sexual.-<\/figcaption><\/figure><\/div>\n\n\n<p><\/p>\n\n\n\n<p>El proceso can\u00f3nico se inici\u00f3 en el Dicasterio para la Doctrina de la Fe, encargado de juzgar este tipo de delitos, pero dada la gravedad de los hechos y las pruebas en su contra, la decisi\u00f3n final fue remitida directamente al Papa.<\/p>\n\n\n\n<p>Seg\u00fan la fiscal\u00eda, el exdi\u00e1cono \u201c<strong><em>aprovech\u00e1ndose de su rol como profesor de religi\u00f3n, primero estableci\u00f3 una relaci\u00f3n confidencial con sus alumnos y luego inici\u00f3 una intensa relaci\u00f3n online, manteni\u00e9ndose en comunicaci\u00f3n sexual a trav\u00e9s de las redes sociales<\/em><\/strong>\u201d. Adem\u00e1s, \u201c<strong><em>en varias ocasiones tambi\u00e9n busc\u00f3 contacto f\u00edsico con ellos con el objetivo de cometer violencia sexual\u201d.<\/em><\/strong><\/p>\n\n\n\n<p>El pasado jueves, Le\u00f3n XIV advirti\u00f3 en una reuni\u00f3n con nuevos obispos que los \u201c<strong><em>comportamientos inapropiados<\/em><\/strong>\u201d del clero \u201c<strong><em>no pueden meterse en un caj\u00f3n\u201d<\/em><\/strong>, y que deben ser abordados \u201c<strong><em>con verdadera justicia, tanto hacia las v\u00edctimas como hacia los acusados<\/em><\/strong>\u201d.<\/p>\n\n\n\n<p class=\"has-text-align-center\"><em><strong><em><strong><em><strong><em><strong><a href=\"https:\/\/t.me\/esreviral\">\u00daNETE A NUESTRO CANAL DE TELEGRAM PARA ESTAR INFORMADO<\/a><\/strong><\/em><\/strong><\/em><\/strong><\/em><\/strong><\/em><\/p>\n\n\n\n<p class=\"has-text-align-right\"><strong><em>Con Informaci\u00f3n de elnacional.com.-<\/em><\/strong><\/p>\n","protected":false},"excerpt":{"rendered":"<p>El decreto de expulsi\u00f3n del estado clerical le fue comunicado a Alessandro Frateschi este martes en la c\u00e1rcel<\/p>\n","protected":false},"author":3,"featured_media":80842,"comment_status":"closed","ping_status":"closed","sticky":false,"template":"","format":"standard","meta":{"jnews-multi-image_gallery":[],"jnews_single_post":{"format":"standard"},"jnews_primary_category":[],"jnews_social_meta":[],"jnews_review":[],"enable_review":"","type":"","name":"","summary":"","brand":"","sku":"","good":[],"bad":[],"score_override":"","override_value":"","rating":[],"price":[],"jnews_override_counter":[],"jnews_post_split":[],"footnotes":""},"categories":[88],"tags":[2222,35700,35701,45,35702],"class_list":["post-80841","post","type-post","status-publish","format-standard","has-post-thumbnail","hentry","category-internacionales","tag-abuso-de-menores","tag-alessandro-frateschi","tag-cura-italiano","tag-noticias","tag-papa-leon"],"amp_enabled":true,"_links":{"self":[{"href":"https:\/\/esreviral.com\/index.php?rest_route=\/wp\/v2\/posts\/80841"}],"collection":[{"href":"https:\/\/esreviral.com\/index.php?rest_route=\/wp\/v2\/posts"}],"about":[{"href":"https:\/\/esreviral.com\/index.php?rest_route=\/wp\/v2\/types\/post"}],"author":[{"embeddable":true,"href":"https:\/\/esreviral.com\/index.php?rest_route=\/wp\/v2\/users\/3"}],"replies":[{"embeddable":true,"href":"https:\/\/esreviral.com\/index.php?rest_route=%2Fwp%2Fv2%2Fcomments&post=80841"}],"version-history":[{"count":1,"href":"https:\/\/esreviral.com\/index.php?rest_route=\/wp\/v2\/posts\/80841\/revisions"}],"predecessor-version":[{"id":80843,"href":"https:\/\/esreviral.com\/index.php?rest_route=\/wp\/v2\/posts\/80841\/revisions\/80843"}],"wp:featuredmedia":[{"embeddable":true,"href":"https:\/\/esreviral.com\/index.php?rest_route=\/wp\/v2\/media\/80842"}],"wp:attachment":[{"href":"https:\/\/esreviral.com\/index.php?rest_route=%2Fwp%2Fv2%2Fmedia&parent=80841"}],"wp:term":[{"taxonomy":"category","embeddable":true,"href":"https:\/\/esreviral.com\/index.php?rest_route=%2Fwp%2Fv2%2Fcategories&post=80841"},{"taxonomy":"post_tag","embeddable":true,"href":"https:\/\/esreviral.com\/index.php?rest_route=%2Fwp%2Fv2%2Ftags&post=80841"}],"curies":[{"name":"wp","href":"https:\/\/api.w.org\/{rel}","templated":true}]}}