{"id":80838,"date":"2025-09-17T08:24:15","date_gmt":"2025-09-17T13:24:15","guid":{"rendered":"https:\/\/esreviral.com\/?p=80838"},"modified":"2025-09-17T08:41:30","modified_gmt":"2025-09-17T13:41:30","slug":"yulimar-rojas-la-espera-se-me-ha-hecho-larga","status":"publish","type":"post","link":"https:\/\/esreviral.com\/?p=80838","title":{"rendered":"Yulimar Rojas: \u00abLa espera se me ha hecho larga\u00bb"},"content":{"rendered":"\n<p><strong>La venezolana Yulimar Rojas <\/strong>no pod\u00eda ocultar su alegr\u00eda tras regresar de una lesi\u00f3n y clasificarse con tranquilidad a la final del triple salto del Mundial de Atletismo, este martes en Tokio.<\/p>\n\n\n\n<p>Despu\u00e9s de dos a\u00f1os sin competir en la prueba donde ostenta el r\u00e9cord mundial (15,74 m) y tras superar una grave lesi\u00f3n en el tend\u00f3n de Aquiles en abril de 2024, Rojas avanz\u00f3 con un solo salto. En su primer intento alcanz\u00f3 los 14,49 metros, superando la marca m\u00ednima de 14,35 metros para acceder a la final del jueves.<\/p>\n\n\n\n<p><strong><em>\u201cEs fant\u00e1stico estar de vuelta y clasificar a una final. Es incre\u00edble competir nuevamente en Tokio. Ahora mi prioridad ser\u00e1 disfrutar de esto, porque es lo que me apasiona<\/em><\/strong>\u201d, declar\u00f3 en la zona mixta del Estadio Nacional de Tokio tras la ronda clasificatoria.<\/p>\n\n\n\n<p class=\"has-text-align-center\"><strong><a href=\"https:\/\/whatsapp.com\/channel\/0029VaAz7PmBKfhwZ5V3Gk2t\"><em>\u00daNETE A NUESTRO GRUPO DE WHATSAPP PARA ESTAR INFORMADO<\/em><\/a><\/strong><\/p>\n\n\n\n<p>La atleta a\u00f1adi\u00f3: \u201c<strong><em>Ha sido una espera larga, para m\u00ed, para mi gente, para ustedes los periodistas y para el atletismo mundial, que me esperaba desde hace tiempo. \u00a1Ya estoy aqu\u00ed! Ahora a disfrutar y espero que me vean en la final, porque voy con todo\u201d.<\/em><\/strong><\/p>\n\n\n\n<p>Rojas reconoci\u00f3 que la recuperaci\u00f3n fue un desaf\u00edo mental, pero celebr\u00f3 la paciencia que tuvo durante el proceso. \u201c<strong><em>Todo llega para quien trabaja con amor y pasi\u00f3n, y para quien conf\u00eda en s\u00ed mismo, en Dios y en su trabajo. Creo plenamente en m\u00ed misma, en mi entrenador y en mi equipo, por todo lo que hemos logrado y lo que a\u00fan podemos lograr\u201d,<\/em><\/strong> afirm\u00f3.<\/p>\n\n\n\n<p>Sobre su proceso de recuperaci\u00f3n, agreg\u00f3: <strong><em>\u201cEs dif\u00edcil superar una lesi\u00f3n tan grave. Necesitas ser fuerte mental y emocionalmente, y en eso me he vuelto m\u00e1s fuerte. La paciencia es clave, porque es una virtud\u201d.<\/em><\/strong><\/p>\n\n\n\n<p>Para la ocasi\u00f3n, <strong>Yulimar Rojas present\u00f3 un nuevo look<\/strong> con extensiones en trenzas, como s\u00edmbolo de esta nueva etapa. \u201c<strong><em>Es un momento muy esperado y quer\u00eda estrenarlo con un nuevo estilo. Tengo una amiga en Guadalajara, cerca de Madrid, que me pein\u00f3. Este look me encanta<\/em><\/strong>\u201d, dijo entre risas, moviendo su cabello de lado a lado.<\/p>\n\n\n\n<p class=\"has-text-align-center\"><em><strong><em><strong><em><strong><em><strong><a href=\"https:\/\/t.me\/esreviral\">\u00daNETE A NUESTRO CANAL DE TELEGRAM PARA ESTAR INFORMADO<\/a><\/strong><\/em><\/strong><\/em><\/strong><\/em><\/strong><\/em><\/p>\n\n\n\n<p class=\"has-text-align-center\"><strong><em><mark style=\"background-color:rgba(0, 0, 0, 0)\" class=\"has-inline-color has-vivid-red-color\"><a href=\"https:\/\/esreviral.com\/?p=80760\" data-type=\"link\" data-id=\"https:\/\/esreviral.com\/?p=80760\">Lea Tambi\u00e9n: Imparable: Yulimar Rojas vuelve a lo grande y clasifica a la final del Mundial de Tokio<\/a><\/mark><\/em><\/strong><\/p>\n\n\n\n<p class=\"has-text-align-right\"><em style=\"\"><b>Con Informaci\u00f3n de\u00a0<\/b><\/em><strong><em>elnacional.com.-<\/em><\/strong><\/p>\n\n\n\n<p><\/p>\n","protected":false},"excerpt":{"rendered":"<p>En su primer salto, alcanz\u00f3 los 14,49 metros, superando la marca m\u00ednima para acceder a la final del jueves (14,35 metros). \u201cEs fant\u00e1stico estar de vuelta y llegar a la final. Es incre\u00edble poder competir en Tokio. Ahora mi prioridad es disfrutar de esto, porque es lo que m\u00e1s me apasiona\u201d, expres\u00f3<\/p>\n","protected":false},"author":3,"featured_media":80839,"comment_status":"closed","ping_status":"closed","sticky":false,"template":"","format":"standard","meta":{"jnews-multi-image_gallery":[],"jnews_single_post":{"format":"standard"},"jnews_primary_category":[],"jnews_social_meta":[],"jnews_review":[],"enable_review":"","type":"","name":"","summary":"","brand":"","sku":"","good":[],"bad":[],"score_override":"","override_value":"","rating":[],"price":[],"jnews_override_counter":[],"jnews_post_split":[],"footnotes":""},"categories":[48],"tags":[10530,35663,45,192],"class_list":["post-80838","post","type-post","status-publish","format-standard","has-post-thumbnail","hentry","category-deportes","tag-atleta-venezolana","tag-mundial-de-atletismo","tag-noticias","tag-yulimar-rojas"],"amp_enabled":true,"_links":{"self":[{"href":"https:\/\/esreviral.com\/index.php?rest_route=\/wp\/v2\/posts\/80838"}],"collection":[{"href":"https:\/\/esreviral.com\/index.php?rest_route=\/wp\/v2\/posts"}],"about":[{"href":"https:\/\/esreviral.com\/index.php?rest_route=\/wp\/v2\/types\/post"}],"author":[{"embeddable":true,"href":"https:\/\/esreviral.com\/index.php?rest_route=\/wp\/v2\/users\/3"}],"replies":[{"embeddable":true,"href":"https:\/\/esreviral.com\/index.php?rest_route=%2Fwp%2Fv2%2Fcomments&post=80838"}],"version-history":[{"count":3,"href":"https:\/\/esreviral.com\/index.php?rest_route=\/wp\/v2\/posts\/80838\/revisions"}],"predecessor-version":[{"id":80846,"href":"https:\/\/esreviral.com\/index.php?rest_route=\/wp\/v2\/posts\/80838\/revisions\/80846"}],"wp:featuredmedia":[{"embeddable":true,"href":"https:\/\/esreviral.com\/index.php?rest_route=\/wp\/v2\/media\/80839"}],"wp:attachment":[{"href":"https:\/\/esreviral.com\/index.php?rest_route=%2Fwp%2Fv2%2Fmedia&parent=80838"}],"wp:term":[{"taxonomy":"category","embeddable":true,"href":"https:\/\/esreviral.com\/index.php?rest_route=%2Fwp%2Fv2%2Fcategories&post=80838"},{"taxonomy":"post_tag","embeddable":true,"href":"https:\/\/esreviral.com\/index.php?rest_route=%2Fwp%2Fv2%2Ftags&post=80838"}],"curies":[{"name":"wp","href":"https:\/\/api.w.org\/{rel}","templated":true}]}}