{"id":8082,"date":"2021-07-05T12:34:08","date_gmt":"2021-07-05T15:34:08","guid":{"rendered":"http:\/\/esreviral.com\/?p=8082"},"modified":"2021-07-05T12:34:08","modified_gmt":"2021-07-05T15:34:08","slug":"mas-de-la-mitad-de-los-alcaldes-oficialistas-en-venezuela-no-estaran-en-las-primarias-del-psuv","status":"publish","type":"post","link":"https:\/\/esreviral.com\/?p=8082","title":{"rendered":"M\u00e1s de la mitad de los alcaldes oficialistas en Venezuela no estar\u00e1n en las primarias del PSUV"},"content":{"rendered":"\n<p>Al menos el 70 por ciento de los alcaldes que actualmente mandan en Venezuela y que son parte del Partido Socialista Unido de Venezuela (PSUV), no repetir\u00e1n como candidatos en las elecciones del pr\u00f3ximo ocho de agosto, as\u00ed lo inform\u00f3 el mismo Diosdado Cabello. <\/p>\n\n\n\n<p>Seg\u00fan el n\u00famero dos del partido y del r\u00e9gimen venezolano, muchos alcaldes no quisieron repetir en sus cargos y otros que aspiraban no recibieron el apoyo de las bases del partido, es decir, no llegaron al 30 % de los votos requeridos para postularse. <\/p>\n\n\n\n<p>Lo mismo ocurri\u00f3 con algunos gobernadores, como el caso de Rafael Calles, mandatario en Portuguesa, quien no recibi\u00f3 los votos suficientes, sin embargo, por alguna causa que a\u00fan se desconoce, posteriormente lo incluir\u00e1n en la contienda electoral. <\/p>\n\n\n\n<p>\u201cCuando revisamos las 335 alcald\u00edas, el 70% est\u00e1n en una situaci\u00f3n de que el alcalde decisi\u00f3n no participar o que ese alcalde en ejercicio no alcanz\u00f3 el 30% (de los apoyos de las UBCH)\u201d, indic\u00f3.<\/p>\n\n\n\n<p>Cabe destacar que en los \u00faltimos d\u00edas han habido <a href=\"https:\/\/www.instagram.com\/tv\/CQuY5n4BTjG\/?utm_source=ig_web_copy_link\">muchas denuncias por trampas que se realizaron el pasado domingo 27 de junio <\/a><\/p>\n","protected":false},"excerpt":{"rendered":"<p>Al menos el 70 por ciento de los alcaldes que actualmente mandan en Venezuela y que son parte del Partido Socialista Unido de Venezuela (PSUV), no repetir\u00e1n como candidatos en las elecciones del pr\u00f3ximo ocho de agosto, as\u00ed lo inform\u00f3 el mismo Diosdado Cabello. Seg\u00fan el n\u00famero dos del partido y del r\u00e9gimen venezolano, muchos [&hellip;]<\/p>\n","protected":false},"author":2,"featured_media":8083,"comment_status":"open","ping_status":"open","sticky":false,"template":"","format":"standard","meta":{"jnews-multi-image_gallery":[],"jnews_single_post":[],"jnews_primary_category":[],"jnews_social_meta":[],"jnews_review":[],"enable_review":"","type":"","name":"","summary":"","brand":"","sku":"","good":[],"bad":[],"score_override":"","override_value":"","rating":[],"price":[],"jnews_override_counter":[],"jnews_post_split":[],"footnotes":""},"categories":[59,66],"tags":[110,45,938,56],"class_list":["post-8082","post","type-post","status-publish","format-standard","has-post-thumbnail","hentry","category-politica","category-venezuela","tag-elecciones","tag-noticias","tag-psuv","tag-venezuela"],"amp_enabled":true,"_links":{"self":[{"href":"https:\/\/esreviral.com\/index.php?rest_route=\/wp\/v2\/posts\/8082"}],"collection":[{"href":"https:\/\/esreviral.com\/index.php?rest_route=\/wp\/v2\/posts"}],"about":[{"href":"https:\/\/esreviral.com\/index.php?rest_route=\/wp\/v2\/types\/post"}],"author":[{"embeddable":true,"href":"https:\/\/esreviral.com\/index.php?rest_route=\/wp\/v2\/users\/2"}],"replies":[{"embeddable":true,"href":"https:\/\/esreviral.com\/index.php?rest_route=%2Fwp%2Fv2%2Fcomments&post=8082"}],"version-history":[{"count":0,"href":"https:\/\/esreviral.com\/index.php?rest_route=\/wp\/v2\/posts\/8082\/revisions"}],"wp:featuredmedia":[{"embeddable":true,"href":"https:\/\/esreviral.com\/index.php?rest_route=\/"}],"wp:attachment":[{"href":"https:\/\/esreviral.com\/index.php?rest_route=%2Fwp%2Fv2%2Fmedia&parent=8082"}],"wp:term":[{"taxonomy":"category","embeddable":true,"href":"https:\/\/esreviral.com\/index.php?rest_route=%2Fwp%2Fv2%2Fcategories&post=8082"},{"taxonomy":"post_tag","embeddable":true,"href":"https:\/\/esreviral.com\/index.php?rest_route=%2Fwp%2Fv2%2Ftags&post=8082"}],"curies":[{"name":"wp","href":"https:\/\/api.w.org\/{rel}","templated":true}]}}