{"id":80796,"date":"2025-09-16T12:52:56","date_gmt":"2025-09-16T17:52:56","guid":{"rendered":"https:\/\/esreviral.com\/?p=80796"},"modified":"2025-09-16T12:53:51","modified_gmt":"2025-09-16T17:53:51","slug":"tu-equilibrio-es-una-bomba-de-tiempo-y-ya-se-escucha-el-tic-tac-la-respuesta-de-cristina-kirchner-a-la-frase-de-milei","status":"publish","type":"post","link":"https:\/\/esreviral.com\/?p=80796","title":{"rendered":"\u00abTu equilibrio es una bomba de tiempo y ya se escucha el tic tac\u00bb, la respuesta de Cristina Kirchner a la frase de Milei\u00a0"},"content":{"rendered":"\n<p>La expresidenta <strong>Cristina Kirchner volvi\u00f3 a cuestionar duramente a Javier Milei<\/strong>, al advertir que el \u201cequilibrio de cuentas\u201d que defiende el Gobierno representa \u201cuna verdadera bomba de tiempo\u201d, en respuesta a la frase del mandatario en cadena nacional en la que asegur\u00f3 que \u201clo peor ya pas\u00f3\u201d.<\/p>\n\n\n\n<p>\u201cAy Milei\u2026 \u00bfEn serio que lo peor ya pas\u00f3? \u00a1Daaaale!\u201d, escribi\u00f3 Cristina en su cuenta de X (exTwitter). Y agreg\u00f3: \u201c\u00bfTanto l\u00edo para terminar diciendo lo mismo que Macri en 2018, cuando en realidad lo peor reci\u00e9n empezaba y tuvo que llamar al FMI para devolverles los d\u00f3lares a los que hac\u00edan carry trade desde 2016?\u201d.<\/p>\n\n\n\n<p class=\"has-text-align-center\"><strong><a href=\"https:\/\/whatsapp.com\/channel\/0029VaAz7PmBKfhwZ5V3Gk2t\"><em>\u00daNETE A NUESTRO GRUPO DE WHATSAPP PARA ESTAR INFORMADO<\/em><\/a><\/strong><\/p>\n\n\n\n<blockquote class=\"twitter-tweet\"><p lang=\"es\" dir=\"ltr\">Ay Milei\u2026 \u00bfEn serio que lo peor ya pas\u00f3? Daaaale!<br><br>\u00bfTanto l\u00edo para terminar diciendo lo mismo que Macri en el 2018 cuando, en realidad, lo peor empezaba y tuvo que llamar al FMI para devolverle los d\u00f3lares a los que estuvieron haciendo carry trade desde el 2016?&#8230;<br><br>Es todo tan\u2026<\/p>&mdash; Cristina Kirchner (@CFKArgentina) <a href=\"https:\/\/twitter.com\/CFKArgentina\/status\/1967962071548444762?ref_src=twsrc%5Etfw\">September 16, 2025<\/a><\/blockquote> <script async src=\"https:\/\/platform.twitter.com\/widgets.js\" charset=\"utf-8\"><\/script>\n\n\n\n<p><\/p>\n\n\n\n<p>La exmandataria tambi\u00e9n apunt\u00f3 contra el ministro de Econom\u00eda: \u201cEs todo tan igual que el mismo que manejaba las finanzas y el endeudamiento en el gobierno de Macri, hoy es tu ministro de Econom\u00eda\u2026 s\u00ed, el inefable Toto Caputo\u201d.<\/p>\n\n\n\n<p>En otro tramo de su mensaje, critic\u00f3 los fundamentos del plan econ\u00f3mico: \u201cTu \u2018equilibrio\u2019 en las cuentas es en base a endeudamiento en d\u00f3lares y emisi\u00f3n presente y futura; con tasas de inter\u00e9s y futuros impagables que revientan la actividad econ\u00f3mica. El tic tac ya puedo escucharlo desde San Jos\u00e9 1111\u201d.<\/p>\n\n\n\n<p>Cristina tambi\u00e9n cuestion\u00f3 el impacto social de las pol\u00edticas oficiales: \u201cMuchos ya entendieron que la motosierra era para ellos: sus trabajos, sus salarios, sus jubilaciones, sus medicamentos, su comida\u2026 mientras las comisiones son para tu c\u00edrculo cercano y los cargos para lo peor de la casta m\u00e1s rancia, esa que juraste combatir y ahora te aplaude en primera fila\u201d.<\/p>\n\n\n\n<p>La exvicepresidenta repar\u00f3 adem\u00e1s en el cambio de tono de Milei durante la cadena nacional: \u201cEst\u00e1s a tiempo. Ya cambiaste la forma, y no es menor. Pero ojo: el problema no es s\u00f3lo de formas, sino de fondo\u201d, advirti\u00f3.<\/p>\n\n\n\n<p>Y concluy\u00f3 con una recomendaci\u00f3n: \u201cHaceme caso, larg\u00e1 los libritos de la Escuela Austr\u00edaca. La Argentina necesita una pol\u00edtica econ\u00f3mica realista que contemple los verdaderos intereses del pa\u00eds y de su pueblo\u201d.<\/p>\n\n\n\n<h3 class=\"wp-block-heading\"><strong><mark style=\"background-color:rgba(0, 0, 0, 0)\" class=\"has-inline-color has-vivid-red-color\">La respuesta del Gobierno<\/mark><\/strong><\/h3>\n\n\n\n<p>El vocero presidencial Manuel Adorni recogi\u00f3 la cr\u00edtica con iron\u00eda en su conferencia de prensa. \u201cEl tuit no lo le\u00ed, pero incre\u00edble que un preso escriba desde la c\u00e1rcel, aunque esa c\u00e1rcel sea su domicilio\u201d, lanz\u00f3.<\/p>\n\n\n\n<p>El lunes por la noche, Milei hab\u00eda presentado el <strong>Presupuesto 2026<\/strong> en cadena nacional, con un discurso grabado de 15 minutos, sin exabruptos ni insultos a opositores. All\u00ed reafirm\u00f3 el <strong>equilibrio fiscal como \u201cpiedra angular\u201d de su gesti\u00f3n<\/strong>, anunci\u00f3 aumentos en las partidas de educaci\u00f3n, salud, jubilaciones y discapacidad \u201cpor encima de la inflaci\u00f3n\u201d, y pidi\u00f3 el compromiso de la dirigencia pol\u00edtica y de la sociedad.<\/p>\n\n\n\n<p>\u201cEl equilibrio fiscal nos permitir\u00e1 crecer 7 u 8% y, en 20 a\u00f1os, estar entre los pa\u00edses m\u00e1s ricos del mundo. Pero no ser\u00e1 de un d\u00eda para el otro: Roma no se construy\u00f3 en un d\u00eda\u201d, expres\u00f3 el Presidente.<\/p>\n\n\n\n<p class=\"has-text-align-center\"><em><strong><em><strong><em><strong><em><strong><a href=\"https:\/\/t.me\/esreviral\">\u00daNETE A NUESTRO CANAL DE TELEGRAM PARA ESTAR INFORMADO<\/a><\/strong><\/em><\/strong><\/em><\/strong><\/em><\/strong><\/em><\/p>\n\n\n\n<p class=\"has-text-align-right\"><strong><em>Con Informaci\u00f3n de\u00a0Clarin.-<\/em><\/strong><\/p>\n","protected":false},"excerpt":{"rendered":"<p>La exvicepresidenta hizo referencia a la cadena nacional del libertario, donde llam\u00f3 a defender el super\u00e1vit fiscal.<br \/>\nLa referencia al cambio de tono en el discurso.<\/p>\n","protected":false},"author":3,"featured_media":80797,"comment_status":"closed","ping_status":"closed","sticky":false,"template":"","format":"standard","meta":{"jnews-multi-image_gallery":[],"jnews_single_post":{"format":"standard"},"jnews_primary_category":[],"jnews_social_meta":[],"jnews_review":[],"enable_review":"","type":"","name":"","summary":"","brand":"","sku":"","good":[],"bad":[],"score_override":"","override_value":"","rating":[],"price":[],"jnews_override_counter":[],"jnews_post_split":[],"footnotes":""},"categories":[58,59],"tags":[44,2268,45],"class_list":["post-80796","post","type-post","status-publish","format-standard","has-post-thumbnail","hentry","category-argentina","category-politica","tag-argentina","tag-cristina-kirchner","tag-noticias"],"amp_enabled":true,"_links":{"self":[{"href":"https:\/\/esreviral.com\/index.php?rest_route=\/wp\/v2\/posts\/80796"}],"collection":[{"href":"https:\/\/esreviral.com\/index.php?rest_route=\/wp\/v2\/posts"}],"about":[{"href":"https:\/\/esreviral.com\/index.php?rest_route=\/wp\/v2\/types\/post"}],"author":[{"embeddable":true,"href":"https:\/\/esreviral.com\/index.php?rest_route=\/wp\/v2\/users\/3"}],"replies":[{"embeddable":true,"href":"https:\/\/esreviral.com\/index.php?rest_route=%2Fwp%2Fv2%2Fcomments&post=80796"}],"version-history":[{"count":1,"href":"https:\/\/esreviral.com\/index.php?rest_route=\/wp\/v2\/posts\/80796\/revisions"}],"predecessor-version":[{"id":80798,"href":"https:\/\/esreviral.com\/index.php?rest_route=\/wp\/v2\/posts\/80796\/revisions\/80798"}],"wp:featuredmedia":[{"embeddable":true,"href":"https:\/\/esreviral.com\/index.php?rest_route=\/wp\/v2\/media\/80797"}],"wp:attachment":[{"href":"https:\/\/esreviral.com\/index.php?rest_route=%2Fwp%2Fv2%2Fmedia&parent=80796"}],"wp:term":[{"taxonomy":"category","embeddable":true,"href":"https:\/\/esreviral.com\/index.php?rest_route=%2Fwp%2Fv2%2Fcategories&post=80796"},{"taxonomy":"post_tag","embeddable":true,"href":"https:\/\/esreviral.com\/index.php?rest_route=%2Fwp%2Fv2%2Ftags&post=80796"}],"curies":[{"name":"wp","href":"https:\/\/api.w.org\/{rel}","templated":true}]}}