{"id":8066,"date":"2021-07-05T11:31:18","date_gmt":"2021-07-05T14:31:18","guid":{"rendered":"http:\/\/esreviral.com\/?p=8066"},"modified":"2021-07-05T11:31:18","modified_gmt":"2021-07-05T14:31:18","slug":"el-venezolano-jesus-valenzuela-sera-el-arbitro-de-la-semifinal-entre-argentina-y-colombia","status":"publish","type":"post","link":"https:\/\/esreviral.com\/?p=8066","title":{"rendered":"El venezolano Jes\u00fas Valenzuela ser\u00e1 el \u00e1rbitro de la semifinal entre Argentina y Colombia"},"content":{"rendered":"\n<p>El \u00e1rbitro venezolano, natural del estado Portuguesa, Jes\u00fas Valenzuela, fue designado esta noche por la Conmebol para controlar el partido semifinal de Copa Am\u00e9rica que el pr\u00f3ximo martes, desde las 22, protagonizar\u00e1 el seleccionado argentino ante su par de Colomb\u00eda, en el estadio Man\u00e9 Garrincha, de Brasilia.<\/p>\n\n\n\n<p>Valenzuela estar\u00e1 acompa\u00f1ado por sus compatriotas Carlos L\u00f3pez (asistente 1), Jorge Urrego (asistente 2) y Juan Soto (cuarto \u00e1rbitro).<\/p>\n\n\n\n<p>El quinto \u00e1rbitro ser\u00e1 el ecuatoriano Byron Romero, mientras que a cargo del VAR estar\u00e1 el chileno Julio Bascu\u00f1\u00e1n y del AVAR su compatriota Cristian Garay.<\/p>\n\n\n\n<p>En el AVAR 2 estar\u00e1 el paraguayo Eduardo Cardozo y el Asesor de \u00c1rbitro ser\u00e1 su compatriota Enrique C\u00e1ceres.<\/p>\n\n\n\n<p class=\"has-text-align-right\"><strong><em>Telam.-<\/em><\/strong><\/p>\n","protected":false},"excerpt":{"rendered":"<p>Estar\u00e1 acompa\u00f1ado por sus compatriotas Carlos L\u00f3pez (asistente 1), Jorge Urrego (asistente 2) y Juan Soto (cuarto \u00e1rbitro)<\/p>\n","protected":false},"author":2,"featured_media":8067,"comment_status":"open","ping_status":"open","sticky":false,"template":"","format":"standard","meta":{"jnews-multi-image_gallery":[],"jnews_single_post":[],"jnews_primary_category":[],"jnews_social_meta":[],"jnews_review":[],"enable_review":"","type":"","name":"","summary":"","brand":"","sku":"","good":[],"bad":[],"score_override":"","override_value":"","rating":[],"price":[],"jnews_override_counter":[],"jnews_post_split":[],"footnotes":""},"categories":[48],"tags":[589,743],"class_list":["post-8066","post","type-post","status-publish","format-standard","has-post-thumbnail","hentry","category-deportes","tag-copa-america","tag-venezolanos-en-colombia"],"amp_enabled":true,"_links":{"self":[{"href":"https:\/\/esreviral.com\/index.php?rest_route=\/wp\/v2\/posts\/8066"}],"collection":[{"href":"https:\/\/esreviral.com\/index.php?rest_route=\/wp\/v2\/posts"}],"about":[{"href":"https:\/\/esreviral.com\/index.php?rest_route=\/wp\/v2\/types\/post"}],"author":[{"embeddable":true,"href":"https:\/\/esreviral.com\/index.php?rest_route=\/wp\/v2\/users\/2"}],"replies":[{"embeddable":true,"href":"https:\/\/esreviral.com\/index.php?rest_route=%2Fwp%2Fv2%2Fcomments&post=8066"}],"version-history":[{"count":0,"href":"https:\/\/esreviral.com\/index.php?rest_route=\/wp\/v2\/posts\/8066\/revisions"}],"wp:featuredmedia":[{"embeddable":true,"href":"https:\/\/esreviral.com\/index.php?rest_route=\/"}],"wp:attachment":[{"href":"https:\/\/esreviral.com\/index.php?rest_route=%2Fwp%2Fv2%2Fmedia&parent=8066"}],"wp:term":[{"taxonomy":"category","embeddable":true,"href":"https:\/\/esreviral.com\/index.php?rest_route=%2Fwp%2Fv2%2Fcategories&post=8066"},{"taxonomy":"post_tag","embeddable":true,"href":"https:\/\/esreviral.com\/index.php?rest_route=%2Fwp%2Fv2%2Ftags&post=8066"}],"curies":[{"name":"wp","href":"https:\/\/api.w.org\/{rel}","templated":true}]}}