{"id":80647,"date":"2025-09-12T09:36:01","date_gmt":"2025-09-12T14:36:01","guid":{"rendered":"https:\/\/esreviral.com\/?p=80647"},"modified":"2025-09-12T09:36:05","modified_gmt":"2025-09-12T14:36:05","slug":"la-ciudad-refuerza-la-seguridad-con-una-patrulla-especializada-en-los-accesos","status":"publish","type":"post","link":"https:\/\/esreviral.com\/?p=80647","title":{"rendered":"La Ciudad refuerza la seguridad con una patrulla especializada en los accesos"},"content":{"rendered":"\n<p>La Ciudad de Buenos Aires puso en marcha un plan in\u00e9dito para <strong>reforzar la seguridad en sus accesos, <\/strong>atendiendo una de las principales preocupaciones de los vecinos: la inseguridad. Desde este lunes, una <strong>Patrulla de Control de Accesos<\/strong> vigila los puntos estrat\u00e9gicos de entrada y salida, con el objetivo de prevenir delitos y supervisar a quienes circulan por la <strong>General Paz<\/strong> y los puentes sobre el <strong>Riachuelo<\/strong>.<\/p>\n\n\n\n<p>Por estos corredores transitan diariamente unas <strong>3,5 millones de personas<\/strong>, entre residentes porte\u00f1os y quienes llegan desde la provincia de Buenos Aires. El operativo busca frenar el ingreso de delincuentes y detectar situaciones irregulares antes de que lleguen al coraz\u00f3n de la Ciudad.<\/p>\n\n\n\n<p class=\"has-text-align-center\"><strong><a href=\"https:\/\/chat.whatsapp.com\/KWkTmakY3I05kNdd2oZl6d\"><em>\u00daNETE A NUESTRO GRUPO DE WHATSAPP PARA ESTAR INFORMADO<\/em><\/a><\/strong><\/p>\n\n\n\n<figure class=\"wp-block-image size-large\"><img decoding=\"async\" src=\"https:\/\/tn.com.ar\/resizer\/v2\/la-ciudad-creo-una-patrulla-especializada-destinada-a-prevenir-delitos-fuente-gobierno-porteno-C2H7TSRFIZDMBOYUAGYHWO5KEI.jpeg?auth=08a65bec38664294644544eaf0b753960bcbf176a6af92eb689debc874371a48&amp;width=1440\" alt=\"\"\/><\/figure>\n\n\n\n<h3 class=\"wp-block-heading\"><strong><mark style=\"background-color:rgba(0, 0, 0, 0)\" class=\"has-inline-color has-vivid-red-color\">C\u00f3mo funcionar\u00e1 la nueva Patrulla de Control de Accesos<\/mark><\/strong><\/h3>\n\n\n\n<p>Cada patrulla est\u00e1 compuesta por un <strong>m\u00f3vil, dos motos y ocho polic\u00edas<\/strong>, adem\u00e1s de <strong>dos camiones para el traslado de veh\u00edculos<\/strong>. El operativo se complementa con patrulleros adicionales, agentes de tr\u00e1nsito, la <strong>Divisi\u00f3n K9<\/strong> con perros detectores y tecnolog\u00eda de \u00faltima generaci\u00f3n.<\/p>\n\n\n\n<p>Los controles ser\u00e1n <strong>aleatorios y rotativos<\/strong>, con el foco en identificar veh\u00edculos y personas vinculadas a delitos, como la tenencia de armas o drogas. Tambi\u00e9n se buscar\u00e1 a quienes tengan <strong>pedidos de captura<\/strong> y se controlar\u00e1n infracciones de tr\u00e1nsito.<\/p>\n\n\n\n<p>El <strong>Jefe de Gobierno, Jorge Macri<\/strong>, present\u00f3 el operativo junto al <strong>ministro de Seguridad, Horacio Gim\u00e9nez<\/strong>, el <strong>secretario de Seguridad, Maximiliano Pi\u00f1eiro<\/strong>, y el <strong>jefe de la Polic\u00eda de la Ciudad, Diego Casal\u00f3<\/strong>. \u201cParte del delito que impacta en la Ciudad proviene de la provincia de Buenos Aires. Nuestra decisi\u00f3n es poner l\u00edmites y dar un mensaje muy claro: si ven\u00eds a la Ciudad, ven\u00eds a portarte bien y con los papeles en regla\u201d, afirm\u00f3 Macri.<\/p>\n\n\n\n<p>Por su parte, Gim\u00e9nez destac\u00f3: \u201cEsta es una respuesta a las inquietudes de los vecinos y busca reforzar los controles en los accesos. Continuaremos sumando <strong>herramientas, tecnolog\u00eda, materiales y recursos humanos<\/strong> para garantizar m\u00e1s seguridad a los porte\u00f1os y a las millones de personas que ingresan todos los d\u00edas a la Ciudad\u201d.<\/p>\n\n\n\n<h3 class=\"wp-block-heading\"><strong><mark style=\"background-color:rgba(0, 0, 0, 0)\" class=\"has-inline-color has-vivid-red-color\">Tecnolog\u00eda, perros K9 y destacamentos renovados<\/mark><\/strong><\/h3>\n\n\n\n<p>La nueva unidad cuenta con <strong>agentes especialmente capacitados y tecnolog\u00eda de punta<\/strong>. Seg\u00fan datos oficiales, el <strong>40% de los delitos en la Ciudad son cometidos por personas que no residen en territorio porte\u00f1o<\/strong>, una cifra basada en los m\u00e1s de <strong>20 mil detenidos por la Polic\u00eda desde principios de a\u00f1o<\/strong>.<\/p>\n\n\n\n<p>\u201cLa Polic\u00eda estar\u00e1 en los accesos con tecnolog\u00eda e incluso <strong>perros K9<\/strong>, que permitir\u00e1n detectar drogas y otras sustancias il\u00edcitas\u201d, remarc\u00f3 Macri.<\/p>\n\n\n\n<p>En paralelo, m\u00e1s de <strong>50 destacamentos policiales<\/strong> en los accesos fueron renovados, incorporando mejoras de infraestructura, equipamiento para control (balizas, conos, bastones luminosos, faros y barreras), c\u00e1maras de videovigilancia y otras herramientas tecnol\u00f3gicas.<\/p>\n\n\n\n<p>Las patrullas operar\u00e1n seg\u00fan los datos del <strong>Mapa del Delito<\/strong> y el flujo vehicular, en coordinaci\u00f3n con el <strong>Sistema Integral de Seguridad P\u00fablica<\/strong>, que integra el <strong>Anillo Digital<\/strong>, el <strong>Centro de Monitoreo Urbano<\/strong> y las c\u00e1maras de videovigilancia.<\/p>\n\n\n\n<p>El objetivo es claro: <strong>cerrar el cerco a los delincuentes<\/strong> y garantizar que quienes ingresen a la Ciudad lo hagan bajo control y con todos los papeles en regla.<\/p>\n\n\n\n<p class=\"has-text-align-center\"><em><strong><em><strong><em><strong><em><strong><a href=\"https:\/\/t.me\/esreviral\">\u00daNETE A NUESTRO CANAL DE TELEGRAM PARA ESTAR INFORMADO<\/a><\/strong><\/em><\/strong><\/em><\/strong><\/em><\/strong><\/em><\/p>\n\n\n\n<p class=\"has-text-align-right\"><strong><em>Con Informaci\u00f3n de TN.-<\/em><\/strong><\/p>\n","protected":false},"excerpt":{"rendered":"<p>El nuevo operativo busca frenar delitos en los l\u00edmites porte\u00f1os con controles las 24 horas y tecnolog\u00eda de vanguardia.<\/p>\n","protected":false},"author":3,"featured_media":80648,"comment_status":"closed","ping_status":"closed","sticky":false,"template":"","format":"standard","meta":{"jnews-multi-image_gallery":[],"jnews_single_post":{"format":"standard"},"jnews_primary_category":[],"jnews_social_meta":[],"jnews_review":[],"enable_review":"","type":"","name":"","summary":"","brand":"","sku":"","good":[],"bad":[],"score_override":"","override_value":"","rating":[],"price":[],"jnews_override_counter":[],"jnews_post_split":[],"footnotes":""},"categories":[58,59],"tags":[44,12010,45,35595],"class_list":["post-80647","post","type-post","status-publish","format-standard","has-post-thumbnail","hentry","category-argentina","category-politica","tag-argentina","tag-autopista","tag-noticias","tag-patrulla-de-control-de-accesos"],"amp_enabled":true,"_links":{"self":[{"href":"https:\/\/esreviral.com\/index.php?rest_route=\/wp\/v2\/posts\/80647"}],"collection":[{"href":"https:\/\/esreviral.com\/index.php?rest_route=\/wp\/v2\/posts"}],"about":[{"href":"https:\/\/esreviral.com\/index.php?rest_route=\/wp\/v2\/types\/post"}],"author":[{"embeddable":true,"href":"https:\/\/esreviral.com\/index.php?rest_route=\/wp\/v2\/users\/3"}],"replies":[{"embeddable":true,"href":"https:\/\/esreviral.com\/index.php?rest_route=%2Fwp%2Fv2%2Fcomments&post=80647"}],"version-history":[{"count":1,"href":"https:\/\/esreviral.com\/index.php?rest_route=\/wp\/v2\/posts\/80647\/revisions"}],"predecessor-version":[{"id":80649,"href":"https:\/\/esreviral.com\/index.php?rest_route=\/wp\/v2\/posts\/80647\/revisions\/80649"}],"wp:featuredmedia":[{"embeddable":true,"href":"https:\/\/esreviral.com\/index.php?rest_route=\/wp\/v2\/media\/80648"}],"wp:attachment":[{"href":"https:\/\/esreviral.com\/index.php?rest_route=%2Fwp%2Fv2%2Fmedia&parent=80647"}],"wp:term":[{"taxonomy":"category","embeddable":true,"href":"https:\/\/esreviral.com\/index.php?rest_route=%2Fwp%2Fv2%2Fcategories&post=80647"},{"taxonomy":"post_tag","embeddable":true,"href":"https:\/\/esreviral.com\/index.php?rest_route=%2Fwp%2Fv2%2Ftags&post=80647"}],"curies":[{"name":"wp","href":"https:\/\/api.w.org\/{rel}","templated":true}]}}