{"id":8061,"date":"2021-07-02T17:46:39","date_gmt":"2021-07-02T20:46:39","guid":{"rendered":"http:\/\/esreviral.com\/?p=8061"},"modified":"2021-07-02T17:46:39","modified_gmt":"2021-07-02T20:46:39","slug":"el-principito-sinfonico","status":"publish","type":"post","link":"https:\/\/esreviral.com\/?p=8061","title":{"rendered":"El Principito Sinf\u00f3nico"},"content":{"rendered":"\n<figure id=\"m_-2420727684038974608m_2506536230441920291ko_sideArticleBlock_12\" class=\"wp-block-table\"><table><tbody><tr><td>Son las 5:00 de la tarde y luego de una jornada de casi cuatro horas, Rub\u00e9n Pi\u00f1a cierra el estuche de su viola. Luego de pasar todo ese tiempo en un estudio de grabaci\u00f3n improvisado en una sala de ensayos junto a otros once m\u00fasicos, con las medidas de protecci\u00f3n necesarias en estos tiempos, el calor generado por las luces y la incomodidad en el uso del barbijo prolongadamente, sabe que el esfuerzo vale la pena.<br><strong><\/strong><\/td><\/tr><\/tbody><\/table><\/figure>\n\n\n\n<figure id=\"m_-2420727684038974608m_2506536230441920291ko_textBlock_4\" class=\"wp-block-table\"><table><tbody><tr><td>Se trata de la \u00faltima grabaci\u00f3n, de m\u00e1s de veinte que se hicieron entre 2019 y 2021. Aunque Rub\u00e9n est\u00e1 emocionado con el resultado, no puede evitar la pregunta necesaria:\u00a0<em>\u00bfcu\u00e1ndo tocaremos esto en vivo?<\/em>\u00a0Y es que para estos m\u00fasicos el mayor anhelo despu\u00e9s de la pandemia producto de la Covid-19 es precisamente volver a los escenarios y recuperar los aplausos del p\u00fablico.<br><br>Por eso, este 30 de julio Latin Vox Machine presenta al mundo su primera producci\u00f3n discogr\u00e1fica, titulada<strong>\u00a0El Principito Sinf\u00f3nico<\/strong>. La propuesta musical agrupa textos basados en la obra de Antoine de Saint- Exup\u00e9ry con m\u00fasica original de los compositores<strong>\u00a0Omar Zambrano y Joram Betancourt<\/strong>, los arreglos de\u00a0<strong>Juan Pablo Correa, Francisco Duque y Pablo Motta<\/strong>, la direcci\u00f3n musical de\u00a0<strong>Enmanuel Gonz\u00e1lez<\/strong>\u00a0y en la voz del Principito\u00a0<strong>Esteban Zapata<\/strong>. El proyecto inicialmente estaba concebido como una obra musical pero a consecuencia de la pandemia la agrupaci\u00f3n concentr\u00f3 sus esfuerzos en la grabaci\u00f3n del \u00e1lbum y llevar la obra musical cuando las restricciones se flexibilicen.El director ejecutivo de Latin Vox Machine, Omar Zambrano, comenta que existen muchas coincidencias de la traves\u00eda del Principito con nuestra comunidad migrante.\u00a0<em>\u00abPrincipalmente, las dificultades que enfrenta el Principito son una parte de lo que atraviesa cualquier migrante. Pr\u00e1cticamente todas sus acciones est\u00e1n relacionadas con superar alguna dificultad\u00bb<\/em>.<br><\/td><\/tr><\/tbody><\/table><\/figure>\n\n\n\n<p><strong><span style=\"background-color:#9a1b22\" class=\"td_text_highlight_marker\">Hecho en pandemia <\/span><\/strong><\/p>\n\n\n\n<p>Explica Zambrano que el proceso de grabaci\u00f3n se realiz\u00f3 entre 2019 y 2020 con grupos reducidos, y respetando a cabalidad los protocolos exigidos por las autoridades.&nbsp;<\/p>\n\n\n\n<p>Los tiempos se centraron en los momentos intermitentes de la relajaci\u00f3n de la cuarentena haciendo que el proceso de grabaci\u00f3n durase m\u00e1s de un a\u00f1o.<\/p>\n\n\n\n<p>La obra discogr\u00e1fica se compone de&nbsp;<strong><a href=\"https:\/\/open.spotify.com\/playlist\/6ch3pXH5wzpy037E5RKdZp?si=db06f04fc876450a\" target=\"_blank\" rel=\"noreferrer noopener\">15 temas<\/a><\/strong>&nbsp;interpretados por miembros de Latin Vox Machine e invitados locales e internacionales, entre quienes se cuentan las voces de Osvaldo Laport, Isa Ramos, Mari\u00e1n Vazquez, Steffania Utrato, Sim\u00f3n Mart\u00ednez, Eduardo Bosio, Fran G\u00f3mez, Mariano Magn\u00edfico, Mike Zubi y Alejandro Gallo. El gran resultado reafirma el compromiso de estos m\u00fasicos de aportar a la sociedad un sinf\u00edn de valores acompa\u00f1ados de notas musicales.<\/p>\n\n\n\n<p>Zambrano se\u00f1ala, adem\u00e1s, que mantener en pie una organizaci\u00f3n art\u00edstica de inmigrantes en pandemia<em>&nbsp;\u00abno s\u00f3lo ha sido un gran desaf\u00edo, sino un prop\u00f3sito personal de cada uno de los integrantes del equipo de producci\u00f3n de Latin Vox Machine. La articulaci\u00f3n con otros organismos e individuos aportantes ha representado un importante esfuerzo en las condiciones actuales de pandemia\u00bb.<\/em><\/p>\n\n\n\n<p>Toda esta iniciativa es posible gracias al respaldo de la<a rel=\"noreferrer noopener\" href=\"https:\/\/www.acnur.org\/\" target=\"_blank\"><strong>\u00a0Agencia de la ONU para los Refugiados (ACNUR)<\/strong>\u00a0<\/a>y la\u00a0<strong><a rel=\"noreferrer noopener\" href=\"http:\/\/www.argentina.iom.int\/co\/\" target=\"_blank\">Organizaci\u00f3n Internacional para las Migraciones (OIM)<\/a><\/strong>\u00a0que han brindado apoyo a los m\u00e1s de 5,5 millones de venezolanos desplazados por el mundo.<\/p>\n\n\n\n<p><strong><span style=\"background-color:#9a1b22\" class=\"td_text_highlight_marker\">Del Caribe a la Patagonia<\/span><\/strong><br><br>Latin Vox Machine inici\u00f3 sus actividades en 2017, bajo la direcci\u00f3n ejecutiva de su fundador, Omar Zambrano, quien convoc\u00f3 a aquellos m\u00fasicos pertenecientes a la ola migratoria que ingresaba al pa\u00eds en el a\u00f1o 2018 reducto de la poblaci\u00f3n venezolana que sal\u00eda de su lugar natal en busca de nuevas oportunidades.<\/p>\n\n\n\n<p>A esta iniciativa se sumaron m\u00fasicos no solo de Venezuela, tambi\u00e9n de Colombia, Bolivia, Chile, Uruguay y Argentina y luego de m\u00e1s 3 a\u00f1os de trabajo juntan un colectivo de m\u00e1s de 150 personas entre m\u00fasicos, compositores, arreglistas, dise\u00f1adores y colaboradores con amplia trayectoria internacional.<\/p>\n\n\n\n<p>El actor uruguayo y embajador de buena voluntad de ACNUR,\u00a0<strong>Osvaldo Laport,<\/strong>\u00a0expresa que la migraci\u00f3n venezolana es resiliente.<em>\u00a0\u00abPese a la crueldad humanitaria que existe en Venezuela, esa di\u00e1spora llega a nuestros pa\u00edses a crear, a hacer cosas hermosas, a contribuir con la sociedad, en especial con la labor que realizan estos chicos de Latin Vox Machine\u00bb.<\/em><\/p>\n\n\n\n<p class=\"has-text-align-right\"><strong><em>Prensa Latin Voz Machine.-<\/em><\/strong><\/p>\n\n\n\n<figure class=\"wp-block-embed-youtube wp-block-embed is-type-video is-provider-youtube wp-embed-aspect-16-9 wp-has-aspect-ratio\"><div class=\"wp-block-embed__wrapper\">\n<div class=\"jeg_video_container jeg_video_content\"><iframe title=\"Latin Vox Machine - El Principito Sinf\u00f3nico: Presentaci\u00f3n\" width=\"500\" height=\"281\" src=\"https:\/\/www.youtube.com\/embed\/ru5sN4Caoxs?feature=oembed\" frameborder=\"0\" allow=\"accelerometer; autoplay; clipboard-write; encrypted-media; gyroscope; picture-in-picture; web-share\" referrerpolicy=\"strict-origin-when-cross-origin\" allowfullscreen><\/iframe><\/div>\n<\/div><\/figure>\n","protected":false},"excerpt":{"rendered":"<p>El pr\u00f3ximo 30 de Julio estar\u00e1 disponible en todas las plataformas musicales la primera producci\u00f3n discogr\u00e1fica de la orquesta Latin Vox Machine: El Principito Sinf\u00f3nico. Con m\u00fasica original inspirada en los textos de Antoine de Saint-Exup\u00e9ry\u00bb<\/p>\n","protected":false},"author":2,"featured_media":8062,"comment_status":"open","ping_status":"open","sticky":false,"template":"","format":"standard","meta":{"jnews-multi-image_gallery":[],"jnews_single_post":[],"jnews_primary_category":[],"jnews_social_meta":[],"jnews_review":[],"enable_review":"","type":"","name":"","summary":"","brand":"","sku":"","good":[],"bad":[],"score_override":"","override_value":"","rating":[],"price":[],"jnews_override_counter":[],"jnews_post_split":[],"footnotes":""},"categories":[50],"tags":[193,45],"class_list":["post-8061","post","type-post","status-publish","format-standard","has-post-thumbnail","hentry","category-entretenimiento","tag-latin-vox-machine","tag-noticias"],"amp_enabled":true,"_links":{"self":[{"href":"https:\/\/esreviral.com\/index.php?rest_route=\/wp\/v2\/posts\/8061"}],"collection":[{"href":"https:\/\/esreviral.com\/index.php?rest_route=\/wp\/v2\/posts"}],"about":[{"href":"https:\/\/esreviral.com\/index.php?rest_route=\/wp\/v2\/types\/post"}],"author":[{"embeddable":true,"href":"https:\/\/esreviral.com\/index.php?rest_route=\/wp\/v2\/users\/2"}],"replies":[{"embeddable":true,"href":"https:\/\/esreviral.com\/index.php?rest_route=%2Fwp%2Fv2%2Fcomments&post=8061"}],"version-history":[{"count":0,"href":"https:\/\/esreviral.com\/index.php?rest_route=\/wp\/v2\/posts\/8061\/revisions"}],"wp:featuredmedia":[{"embeddable":true,"href":"https:\/\/esreviral.com\/index.php?rest_route=\/"}],"wp:attachment":[{"href":"https:\/\/esreviral.com\/index.php?rest_route=%2Fwp%2Fv2%2Fmedia&parent=8061"}],"wp:term":[{"taxonomy":"category","embeddable":true,"href":"https:\/\/esreviral.com\/index.php?rest_route=%2Fwp%2Fv2%2Fcategories&post=8061"},{"taxonomy":"post_tag","embeddable":true,"href":"https:\/\/esreviral.com\/index.php?rest_route=%2Fwp%2Fv2%2Ftags&post=8061"}],"curies":[{"name":"wp","href":"https:\/\/api.w.org\/{rel}","templated":true}]}}