{"id":80580,"date":"2025-09-11T12:20:46","date_gmt":"2025-09-11T17:20:46","guid":{"rendered":"https:\/\/esreviral.com\/?p=80580"},"modified":"2025-09-11T12:23:52","modified_gmt":"2025-09-11T17:23:52","slug":"video-se-incendio-parte-del-edificio-de-la-armada-y-una-ambulancia-del-same-voltio-camino-al-lugar","status":"publish","type":"post","link":"https:\/\/esreviral.com\/?p=80580","title":{"rendered":"VIDEO: Se incendi\u00f3 parte del edificio de la Armada y una ambulancia del SAME volti\u00f3 camino al lugar"},"content":{"rendered":"\n<p>Un incendio se desat\u00f3 este mi\u00e9rcoles en el<strong> edificio de la Armada Argentina,<\/strong> ubicado en el barrio porte\u00f1o de Retiro. Aunque la situaci\u00f3n ya fue controlada, los Bomberos de la Ciudad contin\u00faan trabajando en el lugar.<\/p>\n\n\n\n<p>El fuego comenz\u00f3 por la ma\u00f1ana en el pol\u00edgono de tiro, pr\u00f3ximo a la playa de estacionamiento del Edificio Libertad, sobre la calle Comodoro Py al 2000. Seg\u00fan inform\u00f3 la Armada, el edificio fue evacuado de inmediato y no se registraron heridos. Por el momento, se desconocen las causas del siniestro.<\/p>\n\n\n\n<p>En paralelo, una ambulancia del SAME que se dirig\u00eda a asistir a los evacuados volc\u00f3 a pocos metros del lugar. A ra\u00edz del accidente, el Grupo Especial de Rescate (GER) Caballito de Bomberos de la Ciudad intervino para rescatar al conductor y al m\u00e9dico, quienes luego fueron trasladados al Hospital Fern\u00e1ndez.<\/p>\n\n\n\n<p>En la zona tambi\u00e9n trabajaron una unidad cisterna, efectivos del GER Saavedra y la Brigada de Emergencias Especiales.<\/p>\n\n\n\n<p class=\"has-text-align-center\"><strong><a href=\"https:\/\/chat.whatsapp.com\/KWkTmakY3I05kNdd2oZl6d\"><em>\u00daNETE A NUESTRO GRUPO DE WHATSAPP PARA ESTAR INFORMADO<\/em><\/a><\/strong><\/p>\n\n\n\n<blockquote class=\"twitter-tweet\"><p lang=\"es\" dir=\"ltr\">\ud83c\udde6\ud83c\uddf7 Un incendio se desat\u00f3 este Jueves en el edificio de la Armada Argentina, ubicado en el barrio porte\u00f1o de Retiro. Aunque la situaci\u00f3n ya fue controlada, los Bomberos de la Ciudad contin\u00faan trabajando en el lugar. <a href=\"https:\/\/t.co\/ygg6d3dM5Z\">pic.twitter.com\/ygg6d3dM5Z<\/a><\/p>&mdash; ES RE VIRAL (@esreviral) <a href=\"https:\/\/twitter.com\/esreviral\/status\/1966189085325930664?ref_src=twsrc%5Etfw\">September 11, 2025<\/a><\/blockquote> <script async src=\"https:\/\/platform.twitter.com\/widgets.js\" charset=\"utf-8\"><\/script>\n\n\n\n<p><\/p>\n\n\n\n<h3 class=\"wp-block-heading\"><strong><mark style=\"background-color:rgba(0, 0, 0, 0)\" class=\"has-inline-color has-vivid-red-color\">Tragedia en La Boca<\/mark><\/strong><\/h3>\n\n\n\n<p>El domingo por la ma\u00f1ana, otro incendio de gran magnitud conmocion\u00f3 al barrio porte\u00f1o de La Boca. El fuego, que se desat\u00f3 en un conventillo de la calle Wenceslao Villafa\u00f1e al 400, dej\u00f3 un saldo de un muerto y cinco heridos.<\/p>\n\n\n\n<p>Las llamas comenzaron en la planta baja y se propagaron r\u00e1pidamente por la estructura precaria del complejo, construido en gran parte con chapas y madera. Tras m\u00e1s de cinco horas de trabajo, los Bomberos lograron sofocar el fuego y hallaron el cuerpo calcinado de un hombre en silla de ruedas.<\/p>\n\n\n\n<p class=\"has-text-align-center\"><em><strong><em><strong><em><strong><em><strong><a href=\"https:\/\/t.me\/esreviral\">\u00daNETE A NUESTRO CANAL DE TELEGRAM PARA ESTAR INFORMADO<\/a><\/strong><\/em><\/strong><\/em><\/strong><\/em><\/strong><\/em><\/p>\n\n\n\n<p class=\"has-text-align-right\"><strong><em>Con informaci\u00f3n de\u00a0TN.-<\/em><\/strong><\/p>\n","protected":false},"excerpt":{"rendered":"<p>El fuego se inici\u00f3 en el pol\u00edgono de tiro, junto a la playa de estacionamiento del edificio Libertad. No hay personas heridas.<\/p>\n","protected":false},"author":3,"featured_media":80581,"comment_status":"closed","ping_status":"closed","sticky":false,"template":"","format":"standard","meta":{"jnews-multi-image_gallery":[],"jnews_single_post":{"format":"standard"},"jnews_primary_category":[],"jnews_social_meta":[],"jnews_review":[],"enable_review":"","type":"","name":"","summary":"","brand":"","sku":"","good":[],"bad":[],"score_override":"","override_value":"","rating":[],"price":[],"jnews_override_counter":[],"jnews_post_split":[],"footnotes":""},"categories":[58],"tags":[44,35563,45,35564],"class_list":["post-80580","post","type-post","status-publish","format-standard","has-post-thumbnail","hentry","category-argentina","tag-argentina","tag-armada-argentina","tag-noticias","tag-retiro-2"],"amp_enabled":true,"_links":{"self":[{"href":"https:\/\/esreviral.com\/index.php?rest_route=\/wp\/v2\/posts\/80580"}],"collection":[{"href":"https:\/\/esreviral.com\/index.php?rest_route=\/wp\/v2\/posts"}],"about":[{"href":"https:\/\/esreviral.com\/index.php?rest_route=\/wp\/v2\/types\/post"}],"author":[{"embeddable":true,"href":"https:\/\/esreviral.com\/index.php?rest_route=\/wp\/v2\/users\/3"}],"replies":[{"embeddable":true,"href":"https:\/\/esreviral.com\/index.php?rest_route=%2Fwp%2Fv2%2Fcomments&post=80580"}],"version-history":[{"count":1,"href":"https:\/\/esreviral.com\/index.php?rest_route=\/wp\/v2\/posts\/80580\/revisions"}],"predecessor-version":[{"id":80582,"href":"https:\/\/esreviral.com\/index.php?rest_route=\/wp\/v2\/posts\/80580\/revisions\/80582"}],"wp:featuredmedia":[{"embeddable":true,"href":"https:\/\/esreviral.com\/index.php?rest_route=\/wp\/v2\/media\/80581"}],"wp:attachment":[{"href":"https:\/\/esreviral.com\/index.php?rest_route=%2Fwp%2Fv2%2Fmedia&parent=80580"}],"wp:term":[{"taxonomy":"category","embeddable":true,"href":"https:\/\/esreviral.com\/index.php?rest_route=%2Fwp%2Fv2%2Fcategories&post=80580"},{"taxonomy":"post_tag","embeddable":true,"href":"https:\/\/esreviral.com\/index.php?rest_route=%2Fwp%2Fv2%2Ftags&post=80580"}],"curies":[{"name":"wp","href":"https:\/\/api.w.org\/{rel}","templated":true}]}}