{"id":80578,"date":"2025-09-11T12:04:59","date_gmt":"2025-09-11T17:04:59","guid":{"rendered":"https:\/\/esreviral.com\/?p=80578"},"modified":"2025-09-11T12:05:00","modified_gmt":"2025-09-11T17:05:00","slug":"un-ramal-del-tren-mitre-no-funcionara-este-fin-de-semana-por-obras","status":"publish","type":"post","link":"https:\/\/esreviral.com\/?p=80578","title":{"rendered":"Un ramal del tren Mitre no funcionar\u00e1 este fin de semana por obras\u00a0"},"content":{"rendered":"\n<p>Desde el s\u00e1bado 12 hasta el lunes 15 de septiembre a las 22,<strong> el ramal Jos\u00e9 Le\u00f3n Su\u00e1rez del tren Mitre<\/strong> permanecer\u00e1 interrumpido debido a trabajos en el cruce de la avenida Del Fomentista con las v\u00edas del ferrocarril. Durante este per\u00edodo, tampoco funcionar\u00e1n los servicios de larga distancia Retiro-Rosario, Retiro-C\u00f3rdoba y Retiro-Tucum\u00e1n.<\/p>\n\n\n\n<p>Las obras forman parte del proyecto del Gobierno de la Ciudad para construir un nuevo cruce peatonal en la zona. El objetivo es eliminar la vereda del t\u00fanel vehicular, sumar un carril y transformarlo en doble mano.<\/p>\n\n\n\n<p class=\"has-text-align-center\"><strong><a href=\"https:\/\/chat.whatsapp.com\/KWkTmakY3I05kNdd2oZl6d\"><em>\u00daNETE A NUESTRO GRUPO DE WHATSAPP PARA ESTAR INFORMADO<\/em><\/a><\/strong><\/p>\n\n\n\n<figure class=\"wp-block-image size-large\"><img decoding=\"async\" src=\"https:\/\/tn.com.ar\/resizer\/v2\/asi-quedara-el-cruce-de-avenida-del-fomentista-con-las-vias-del-tren-mitre-foto-gobierno-de-la-ciudad-L25TRMSUDFETTKPCG5UUTTJLN4.jpg?auth=91a5d8da368d0a2bab7ca28bd615ddc169b855e573f798b206922599cceb4914&amp;width=1440\" alt=\"\"\/><figcaption class=\"wp-element-caption\">As\u00ed quedar\u00e1 el cruce de avenida Del Fomentista con las v\u00edas del tren Mitre<\/figcaption><\/figure>\n\n\n\n<p><\/p>\n\n\n\n<p>Para ello, se fabric\u00f3 un caj\u00f3n premoldeado en forma de \u201cU\u201d junto a las v\u00edas, que ser\u00e1 desplazado unos 15 metros hasta su ubicaci\u00f3n definitiva. Sobre esta estructura se montar\u00e1n dos puentes ferroviarios que sostendr\u00e1n las v\u00edas del tren y permitir\u00e1n continuar con la excavaci\u00f3n del paso peatonal proyectado. La pieza de hormig\u00f3n mide 10,80 metros de largo, 4 metros de alto y entre 5,70 y 6,60 metros de ancho, con un peso total de 140 toneladas.<\/p>\n\n\n\n<p>El Gobierno de la Ciudad inform\u00f3 que la maniobra requerir\u00e1 la participaci\u00f3n de 82 operarios durante 72 horas, organizados en turnos rotativos de d\u00eda y noche.<\/p>\n\n\n\n<p><strong><mark style=\"background-color:rgba(0, 0, 0, 0)\" class=\"has-inline-color has-vivid-red-color\">Cortes de tr\u00e1nsito y desv\u00edos<\/mark><\/strong><\/p>\n\n\n\n<p>Desde la noche del jueves hasta el martes 16 de septiembre, la avenida Del Fomentista permanecer\u00e1 cerrada al tr\u00e1nsito entre Escobar y Estanislao San Zeballos. Los conductores podr\u00e1n utilizar los siguientes caminos alternativos:<\/p>\n\n\n\n<ul class=\"wp-block-list\">\n<li><strong>De Norte a Sur:<\/strong> Escobar \u2013 Helguera \u2013 Curupayt\u00ed \u2013 Nazca.<\/li>\n\n\n\n<li><strong>De Sur a Norte:<\/strong> Cochrane \u2013 Av. General Paz.<\/li>\n<\/ul>\n\n\n\n<p>El tr\u00e1nsito tambi\u00e9n se ver\u00e1 afectado en las siguientes calles:<\/p>\n\n\n\n<ul class=\"wp-block-list\">\n<li>Larsen, entre Helguera y Curupayt\u00ed.<\/li>\n\n\n\n<li>Larsen, entre Curupayt\u00ed y Estanislao San Zeballos.<\/li>\n\n\n\n<li>Curupayt\u00ed (norte), entre Cuenca y Helguera.<\/li>\n\n\n\n<li>Curupayt\u00ed (sur), entre Helguera y Estanislao San Zeballos.<\/li>\n\n\n\n<li>Cuenca, entre Cochrane y avenida Del Fomentista.<\/li>\n<\/ul>\n\n\n\n<p><\/p>\n\n\n\n<p class=\"has-text-align-center\"><em><strong><em><strong><em><strong><em><strong><a href=\"https:\/\/t.me\/esreviral\">\u00daNETE A NUESTRO CANAL DE TELEGRAM PARA ESTAR INFORMADO<\/a><\/strong><\/em><\/strong><\/em><\/strong><\/em><\/strong><\/em><\/p>\n\n\n\n<p class=\"has-text-align-right\"><strong><em>Con informaci\u00f3n de TN.-<\/em><\/strong><\/p>\n","protected":false},"excerpt":{"rendered":"<p>Debido a las construcciones que se llevar\u00e1n a cabo en el cruce de avenida Del Fomentista con las v\u00edas, el ramal Jos\u00e9 Le\u00f3n Su\u00e1rez no prestar\u00e1 servicio hasta el lunes inclusive.<\/p>\n","protected":false},"author":3,"featured_media":77338,"comment_status":"closed","ping_status":"closed","sticky":false,"template":"","format":"standard","meta":{"jnews-multi-image_gallery":[],"jnews_single_post":{"format":"standard"},"jnews_primary_category":[],"jnews_social_meta":[],"jnews_review":[],"enable_review":"","type":"","name":"","summary":"","brand":"","sku":"","good":[],"bad":[],"score_override":"","override_value":"","rating":[],"price":[],"jnews_override_counter":[],"jnews_post_split":[],"footnotes":""},"categories":[58],"tags":[44,45,2379,35562,8544],"class_list":["post-80578","post","type-post","status-publish","format-standard","has-post-thumbnail","hentry","category-argentina","tag-argentina","tag-noticias","tag-obras","tag-puente-peatonal","tag-tren-mitre"],"amp_enabled":true,"_links":{"self":[{"href":"https:\/\/esreviral.com\/index.php?rest_route=\/wp\/v2\/posts\/80578"}],"collection":[{"href":"https:\/\/esreviral.com\/index.php?rest_route=\/wp\/v2\/posts"}],"about":[{"href":"https:\/\/esreviral.com\/index.php?rest_route=\/wp\/v2\/types\/post"}],"author":[{"embeddable":true,"href":"https:\/\/esreviral.com\/index.php?rest_route=\/wp\/v2\/users\/3"}],"replies":[{"embeddable":true,"href":"https:\/\/esreviral.com\/index.php?rest_route=%2Fwp%2Fv2%2Fcomments&post=80578"}],"version-history":[{"count":1,"href":"https:\/\/esreviral.com\/index.php?rest_route=\/wp\/v2\/posts\/80578\/revisions"}],"predecessor-version":[{"id":80579,"href":"https:\/\/esreviral.com\/index.php?rest_route=\/wp\/v2\/posts\/80578\/revisions\/80579"}],"wp:featuredmedia":[{"embeddable":true,"href":"https:\/\/esreviral.com\/index.php?rest_route=\/wp\/v2\/media\/77338"}],"wp:attachment":[{"href":"https:\/\/esreviral.com\/index.php?rest_route=%2Fwp%2Fv2%2Fmedia&parent=80578"}],"wp:term":[{"taxonomy":"category","embeddable":true,"href":"https:\/\/esreviral.com\/index.php?rest_route=%2Fwp%2Fv2%2Fcategories&post=80578"},{"taxonomy":"post_tag","embeddable":true,"href":"https:\/\/esreviral.com\/index.php?rest_route=%2Fwp%2Fv2%2Ftags&post=80578"}],"curies":[{"name":"wp","href":"https:\/\/api.w.org\/{rel}","templated":true}]}}