{"id":80575,"date":"2025-09-11T11:54:06","date_gmt":"2025-09-11T16:54:06","guid":{"rendered":"https:\/\/esreviral.com\/?p=80575"},"modified":"2025-09-11T11:54:08","modified_gmt":"2025-09-11T16:54:08","slug":"el-crudo-testimonio-de-uno-de-los-argentinos-deportados-por-el-gobierno-de-donald-trump","status":"publish","type":"post","link":"https:\/\/esreviral.com\/?p=80575","title":{"rendered":"El crudo testimonio de uno de los argentinos deportados por el gobierno de Donald Trump"},"content":{"rendered":"\n<p>Los <strong>argentinos deportados desde Estados Unidos<\/strong> llegaron a Buenos Aires este jueves por la madrugada y compartieron detalles sobre la dif\u00edcil situaci\u00f3n que vivieron.<\/p>\n\n\n\n<p>Uno de los deportados, Mario Robles, de 25 a\u00f1os de edad y residente en M\u00e9xico desde los 18, fue detenido cuando estaba a punto de llegar a San Antonio, Texas. <strong><em>\u201cMe agarraron en San Antonio, me faltaban diez minutos para llegar\u201d,<\/em><\/strong> relat\u00f3 sobre el momento de su detenci\u00f3n.<\/p>\n\n\n\n<p class=\"has-text-align-center\"><strong><a href=\"https:\/\/chat.whatsapp.com\/KWkTmakY3I05kNdd2oZl6d\"><em>\u00daNETE A NUESTRO GRUPO DE WHATSAPP PARA ESTAR INFORMADO<\/em><\/a><\/strong><\/p>\n\n\n\n<p>Robles critic\u00f3 la decisi\u00f3n del gobierno estadounidense y asegur\u00f3 que ninguno del grupo hab\u00eda cometido delitos: \u201c<strong><em>No somos criminales, no matamos ni violamos. Fuimos por el sue\u00f1o americano solamente\u201d<\/em><\/strong>. El joven estuvo detenido durante dos d\u00edas y agradeci\u00f3 la intervenci\u00f3n de Canciller\u00eda: \u201c<strong><em>Si no, hubiese estado dos a\u00f1os detenido\u201d.<\/em><\/strong> Durante ese tiempo, pudo comunicarse con su familia a trav\u00e9s de una tablet.<\/p>\n\n\n\n<p>Actualmente, Robles enfrenta un impedimento de cinco a\u00f1os para ingresar a Estados Unidos. \u201c<strong><em>En M\u00e9xico est\u00e1 mi esposa y mi hija, que es lo que m\u00e1s amo y quiero en este mundo. Ahora quiero estar con mi familia; es complicado estar lejos de ellos<\/em><\/strong>\u201d, concluy\u00f3.<\/p>\n\n\n\n<p>Los deportados viajaron en un Boeing 767-300 en un vuelo especial de Omni Air International, contratado por Homeland Security. El avi\u00f3n hizo una escala en Bogot\u00e1 y luego dej\u00f3 a un grupo de brasile\u00f1os en Belo Horizonte antes de continuar hasta Ezeiza, donde aterriz\u00f3 a las 3:19 de la madrugada.<\/p>\n\n\n\n<p>El embajador argentino en Washington, Alejandro Oxenford, destac\u00f3 que la deportaci\u00f3n responde a violaciones de la ley estadounidense y que la asistencia consular estuvo presente durante todo el proceso: \u201c<strong><em>Es un tema de Estados Unidos que manejan ellos. Nosotros asistimos al ciudadano en todo momento. No hubo incidentes\u201d,<\/em><\/strong> asegur\u00f3.<\/p>\n\n\n\n<p>Ni las autoridades estadounidenses ni las argentinas precisaron cu\u00e1ntos argentinos viajaron en este vuelo especial, que tiene capacidad para 247 pasajeros.<\/p>\n\n\n\n<p class=\"has-text-align-center\"><em><strong><em><strong><em><strong><em><strong><a href=\"https:\/\/t.me\/esreviral\">\u00daNETE A NUESTRO CANAL DE TELEGRAM PARA ESTAR INFORMADO<\/a><\/strong><\/em><\/strong><\/em><\/strong><\/em><\/strong><\/em><\/p>\n\n\n\n<p class=\"has-text-align-right\"><strong><em>Con informaci\u00f3n de TN.-<\/em><\/strong><\/p>\n","protected":false},"excerpt":{"rendered":"<p>Mario Robles forma parte del grupo de diez ciudadanos que fueron expulsados de Estados Unidos. Agradeci\u00f3 la intervenci\u00f3n de Canciller\u00eda para resolver su situaci\u00f3n: \u201cSi no hubiese estado dos a\u00f1os detenido\u201d.<\/p>\n","protected":false},"author":3,"featured_media":80576,"comment_status":"closed","ping_status":"closed","sticky":false,"template":"","format":"standard","meta":{"jnews-multi-image_gallery":[],"jnews_single_post":{"format":"standard"},"jnews_primary_category":[],"jnews_social_meta":[],"jnews_review":[],"enable_review":"","type":"","name":"","summary":"","brand":"","sku":"","good":[],"bad":[],"score_override":"","override_value":"","rating":[],"price":[],"jnews_override_counter":[],"jnews_post_split":[],"footnotes":""},"categories":[88,59],"tags":[35499,35561,2088,136,6097,45],"class_list":["post-80575","post","type-post","status-publish","format-standard","has-post-thumbnail","hentry","category-internacionales","category-politica","tag-argentinos-deportados","tag-argentinos-deportados-desde-estados-unidos","tag-donald-trump","tag-estados-unidos","tag-internacional","tag-noticias"],"amp_enabled":true,"_links":{"self":[{"href":"https:\/\/esreviral.com\/index.php?rest_route=\/wp\/v2\/posts\/80575"}],"collection":[{"href":"https:\/\/esreviral.com\/index.php?rest_route=\/wp\/v2\/posts"}],"about":[{"href":"https:\/\/esreviral.com\/index.php?rest_route=\/wp\/v2\/types\/post"}],"author":[{"embeddable":true,"href":"https:\/\/esreviral.com\/index.php?rest_route=\/wp\/v2\/users\/3"}],"replies":[{"embeddable":true,"href":"https:\/\/esreviral.com\/index.php?rest_route=%2Fwp%2Fv2%2Fcomments&post=80575"}],"version-history":[{"count":1,"href":"https:\/\/esreviral.com\/index.php?rest_route=\/wp\/v2\/posts\/80575\/revisions"}],"predecessor-version":[{"id":80577,"href":"https:\/\/esreviral.com\/index.php?rest_route=\/wp\/v2\/posts\/80575\/revisions\/80577"}],"wp:featuredmedia":[{"embeddable":true,"href":"https:\/\/esreviral.com\/index.php?rest_route=\/wp\/v2\/media\/80576"}],"wp:attachment":[{"href":"https:\/\/esreviral.com\/index.php?rest_route=%2Fwp%2Fv2%2Fmedia&parent=80575"}],"wp:term":[{"taxonomy":"category","embeddable":true,"href":"https:\/\/esreviral.com\/index.php?rest_route=%2Fwp%2Fv2%2Fcategories&post=80575"},{"taxonomy":"post_tag","embeddable":true,"href":"https:\/\/esreviral.com\/index.php?rest_route=%2Fwp%2Fv2%2Ftags&post=80575"}],"curies":[{"name":"wp","href":"https:\/\/api.w.org\/{rel}","templated":true}]}}