{"id":80549,"date":"2025-09-11T08:45:33","date_gmt":"2025-09-11T13:45:33","guid":{"rendered":"https:\/\/esreviral.com\/?p=80549"},"modified":"2025-09-11T16:58:09","modified_gmt":"2025-09-11T21:58:09","slug":"pelicula-de-terror-protagonizada-por-un-venezolano-en-argentina-se-estrenara-y-competira-en-sitges-2025","status":"publish","type":"post","link":"https:\/\/esreviral.com\/?p=80549","title":{"rendered":"Pel\u00edcula protagonizada por un ni\u00f1o venezolano se estrenar\u00e1 y competir\u00e1 en Sitges 2025"},"content":{"rendered":"\n<p>La esperada pel\u00edcula de terror <strong>El Susurro<\/strong>, dirigida por el uruguayo <strong>Gustavo Hern\u00e1ndez<\/strong> (<em>La Casa Muda, No dormir\u00e1s, Virus 32<\/em>), tendr\u00e1 su <strong>estreno mundial en la 58\u00aa edici\u00f3n del Festival de Sitges<\/strong>, que se celebrar\u00e1 entre el <strong>9 y el 19 de octubre de 2025 en Barcelona (Espa\u00f1a)<\/strong>.<\/p>\n\n\n\n<p>El film competir\u00e1 dentro de la prestigiosa <strong>Selecci\u00f3n Oficial Fantastic Competition<\/strong> y est\u00e1 protagonizado por el <strong>actor venezolano Marcelo Michinaux<\/strong>, reconocido por su papel en <strong><em>Cuando acecha la maldad<\/em>.<\/strong> Lo acompa\u00f1an en el elenco <strong>Luciano C\u00e1ceres<\/strong>, <strong>Ana Clara Guanco<\/strong> y otros destacados int\u00e9rpretes de la regi\u00f3n.<\/p>\n\n\n\n<h3 class=\"wp-block-heading\"><strong><mark style=\"background-color:rgba(0, 0, 0, 0)\" class=\"has-inline-color has-vivid-red-color\">Una coproducci\u00f3n rioplatense con sello internacional<\/mark><\/strong><\/h3>\n\n\n\n<p>Rodada a fines de 2024, <em>El Susurro<\/em> es una <strong>producci\u00f3n argentino-uruguaya<\/strong> que re\u00fane a <strong>Machaco Films y Aramos Cine<\/strong>, responsables de la multipremiada <em>Cuando acecha la maldad<\/em>, en coproducci\u00f3n con <strong>Mother Superior Films (Uruguay)<\/strong> y <strong>NonStop Studios<\/strong>.<\/p>\n\n\n\n<p><strong>El estreno en salas comerciales est\u00e1 previsto para enero de 2026.<\/strong><\/p>\n\n\n\n<p class=\"has-text-align-center\"><strong><a href=\"https:\/\/chat.whatsapp.com\/KWkTmakY3I05kNdd2oZl6d\"><em>\u00daNETE A NUESTRO GRUPO DE WHATSAPP PARA ESTAR INFORMADO<\/em><\/a><\/strong><\/p>\n\n\n<div class=\"wp-block-image\">\n<figure class=\"aligncenter size-large\"><img decoding=\"async\" src=\"https:\/\/cinedegenerolatinoamericano.com\/wp-content\/uploads\/2025\/09\/Captura_de_pantalla_2025-09-10_095426.png\" alt=\"\"\/><\/figure><\/div>\n\n\n<h3 class=\"wp-block-heading\"><strong><mark style=\"background-color:rgba(0, 0, 0, 0)\" class=\"has-inline-color has-vivid-red-color\">La visi\u00f3n de los productores<\/mark><\/strong><\/h3>\n\n\n\n<p>\u201cDesde hace varios a\u00f1os sostenemos la convicci\u00f3n de que Argentina puede y debe convertirse en un referente mundial del cine de terror. El g\u00e9nero fant\u00e1stico es el motor de la industria audiovisual global: impulsa la innovaci\u00f3n tecnol\u00f3gica, forma profesionales especializados y dialoga con p\u00fablicos de todas las culturas. Confiamos en nuestro cine de terror y tenemos la necesidad de seguir construyendo una identidad s\u00f3lida, exportable y aut\u00e9nticamente nuestra. Por todo esto, estamos felices de que <em>El Susurro<\/em> compita en el festival m\u00e1s importante del mundo en cine de g\u00e9nero\u201d, expresaron los productores.<\/p>\n\n\n\n<h3 class=\"wp-block-heading\"><strong><mark style=\"background-color:rgba(0, 0, 0, 0)\" class=\"has-inline-color has-vivid-red-color\">Sinopsis<\/mark><\/strong><\/h3>\n\n\n\n<p><strong>Luc\u00eda y Adri\u00e1n, dos hermanos que intentan escapar de la oscura herencia de su padre vampiro<\/strong>, llegan a una casona aislada en el bosque en busca de refugio. Su aparente paz se rompe cuando un gato les trae un dedo humano, revelando un secreto aterrador: sus vecinos forman parte de una red criminal que produce pel\u00edculas <em>snuff<\/em>. Entre la amenaza externa y la maldici\u00f3n familiar que los persigue, la lucha por sobrevivir se convierte en una pesadilla sin salida.<\/p>\n\n\n<div class=\"wp-block-image\">\n<figure class=\"aligncenter size-large\"><img decoding=\"async\" src=\"https:\/\/cinedegenerolatinoamericano.com\/wp-content\/uploads\/2025\/09\/Captura_de_pantalla_2025-09-10_104133.png\" alt=\"\"\/><\/figure><\/div>\n\n\n<h3 class=\"wp-block-heading\"><strong><mark style=\"background-color:rgba(0, 0, 0, 0)\" class=\"has-inline-color has-vivid-red-color\">Un director que lleva el terror rioplatense al mundo<\/mark><\/strong><\/h3>\n\n\n\n<p><em>El Susurro<\/em> es el <strong>sexto largometraje de Gustavo Hern\u00e1ndez<\/strong>, considerado uno de los grandes nombres del cine de terror latinoamericano. En 2010 llev\u00f3 <em>La Casa Muda<\/em> a la Quincena de Realizadores del Festival de Cannes, mientras que <em>No dormir\u00e1s<\/em> se convirti\u00f3 en la segunda pel\u00edcula de terror m\u00e1s vista de la historia del cine argentino \u2014solo detr\u00e1s de <em>Cuando acecha la maldad<\/em>\u2014. Con <em>Virus 32<\/em>, su obra lleg\u00f3 a plataformas en todos los continentes.<\/p>\n\n\n\n<p>Con esta nueva producci\u00f3n, Hern\u00e1ndez reafirma su capacidad para expandir los l\u00edmites del terror y consolidar al <strong>cine rioplatense<\/strong> como un referente en festivales y mercados internacionales.<\/p>\n\n\n\n<p class=\"has-text-align-center\"><em><strong><em><strong><em><strong><em><strong><a href=\"https:\/\/t.me\/esreviral\">\u00daNETE A NUESTRO CANAL DE TELEGRAM PARA ESTAR INFORMADO<\/a><\/strong><\/em><\/strong><\/em><\/strong><\/em><\/strong><\/em><\/p>\n\n\n\n<p class=\"has-text-align-right\"><strong><em>Con Informaci\u00f3n de <b>xiahpop.com y <\/b>cinedegenerolatinoamericano.com.-<\/em><\/strong><\/p>\n","protected":false},"excerpt":{"rendered":"<p>EL Susurro , la nueva y esperada pel\u00edcula de terror del director GUSTAVO HERNANDEZ  (\u201cLa Casa Muda\u201d, \u201cNo dormir\u00e1s\u201d, \u201cVirus 32\u201d) tendr\u00e1 su estreno mundial en el Festival de SITGES ( EN SU EDICI\u00d3N 58 \u00b0) que se llevar\u00e1 a cabo en Sitges (Barcelona, Espa\u00f1a) del 9 al 19 de octubre del 2025.<\/p>\n","protected":false},"author":3,"featured_media":80550,"comment_status":"closed","ping_status":"closed","sticky":false,"template":"","format":"standard","meta":{"jnews-multi-image_gallery":[],"jnews_single_post":{"format":"standard"},"jnews_primary_category":[],"jnews_social_meta":[],"jnews_review":[],"enable_review":"","type":"","name":"","summary":"","brand":"","sku":"","good":[],"bad":[],"score_override":"","override_value":"","rating":[],"price":[],"jnews_override_counter":[],"jnews_post_split":[],"footnotes":""},"categories":[1069,5892],"tags":[5757,35536,35537,1067,45,35535,35538,67],"class_list":["post-80549","post","type-post","status-publish","format-standard","has-post-thumbnail","hentry","category-cine-y-series","category-venezolanos-en-argentina","tag-actor-venezolano","tag-el-susurro","tag-festival-de-sitges","tag-marcelo-michinaux","tag-noticias","tag-pelicula-de-terror","tag-pelicula-de-terror-argentina-uruguaya","tag-venezolanos-en-argentina"],"amp_enabled":true,"_links":{"self":[{"href":"https:\/\/esreviral.com\/index.php?rest_route=\/wp\/v2\/posts\/80549"}],"collection":[{"href":"https:\/\/esreviral.com\/index.php?rest_route=\/wp\/v2\/posts"}],"about":[{"href":"https:\/\/esreviral.com\/index.php?rest_route=\/wp\/v2\/types\/post"}],"author":[{"embeddable":true,"href":"https:\/\/esreviral.com\/index.php?rest_route=\/wp\/v2\/users\/3"}],"replies":[{"embeddable":true,"href":"https:\/\/esreviral.com\/index.php?rest_route=%2Fwp%2Fv2%2Fcomments&post=80549"}],"version-history":[{"count":2,"href":"https:\/\/esreviral.com\/index.php?rest_route=\/wp\/v2\/posts\/80549\/revisions"}],"predecessor-version":[{"id":80566,"href":"https:\/\/esreviral.com\/index.php?rest_route=\/wp\/v2\/posts\/80549\/revisions\/80566"}],"wp:featuredmedia":[{"embeddable":true,"href":"https:\/\/esreviral.com\/index.php?rest_route=\/wp\/v2\/media\/80550"}],"wp:attachment":[{"href":"https:\/\/esreviral.com\/index.php?rest_route=%2Fwp%2Fv2%2Fmedia&parent=80549"}],"wp:term":[{"taxonomy":"category","embeddable":true,"href":"https:\/\/esreviral.com\/index.php?rest_route=%2Fwp%2Fv2%2Fcategories&post=80549"},{"taxonomy":"post_tag","embeddable":true,"href":"https:\/\/esreviral.com\/index.php?rest_route=%2Fwp%2Fv2%2Ftags&post=80549"}],"curies":[{"name":"wp","href":"https:\/\/api.w.org\/{rel}","templated":true}]}}