{"id":80540,"date":"2025-09-11T07:55:00","date_gmt":"2025-09-11T12:55:00","guid":{"rendered":"https:\/\/esreviral.com\/?p=80540"},"modified":"2025-09-11T08:00:51","modified_gmt":"2025-09-11T13:00:51","slug":"como-sigue-la-adolescente-que-se-atrinchero-con-un-arma-en-una-escuela","status":"publish","type":"post","link":"https:\/\/esreviral.com\/?p=80540","title":{"rendered":"C\u00f3mo sigue la adolescente que se atrincher\u00f3 con un arma en una escuela"},"content":{"rendered":"\n<p><strong><a href=\"https:\/\/esreviral.com\/?p=80473\" data-type=\"link\" data-id=\"https:\/\/esreviral.com\/?p=80473\">La adolescente de 14 a\u00f1os de edad que se atrincher\u00f3 con un arma en una escuela de Mendoza permanece internada en un centro de salud de Guaymall\u00e9n.<\/a><\/strong><\/p>\n\n\n\n<p>Seg\u00fan el parte m\u00e9dico, la joven se encuentra estable, pas\u00f3 la noche sin complicaciones y est\u00e1 alojada en una sala com\u00fan del Hospital Pedi\u00e1trico Dr. Humberto Notti. Los especialistas informaron que recibe tratamiento y acompa\u00f1amiento de equipos pedi\u00e1tricos y de salud mental.<\/p>\n\n\n\n<p>El episodio ocurri\u00f3 el martes en la escuela Marcelino Blanco, donde la estudiante permaneci\u00f3 atrincherada durante seis horas. Ingres\u00f3 al colegio alrededor de las 9 de la ma\u00f1ana, extrajo un arma 9 mil\u00edmetros y efectu\u00f3 al menos dos disparos. La situaci\u00f3n se prolong\u00f3 hasta minutos antes de las 15, cuando una mediadora logr\u00f3 calmarla y convencerla de entregar el arma.<\/p>\n\n\n\n<p>Una ambulancia ingres\u00f3 de inmediato al establecimiento y traslad\u00f3 a la menor al centro de salud, donde a\u00fan permanece bajo observaci\u00f3n.<\/p>\n\n\n\n<p class=\"has-text-align-center\"><strong><a href=\"https:\/\/chat.whatsapp.com\/KWkTmakY3I05kNdd2oZl6d\"><em>\u00daNETE A NUESTRO GRUPO DE WHATSAPP PARA ESTAR INFORMADO<\/em><\/a><\/strong><\/p>\n\n\n\n<h3 class=\"wp-block-heading\"><strong><mark style=\"background-color:rgba(0, 0, 0, 0)\" class=\"has-inline-color has-vivid-red-color\">El trasfondo: bullying, advertencias previas y silencio<\/mark><\/strong><\/h3>\n\n\n\n<p>Entre los testimonios de alumnos y padres, se repite la palabra <strong>bullying<\/strong>. \u201c<strong><em>Conozco a la hermana de la chica. Ella sufr\u00eda bullying, aunque no s\u00e9 de qu\u00e9 tipo. La estaba pasando mal y no se lo contaba a nadie. Capaz ten\u00eda miedo\u201d,<\/em><\/strong> relat\u00f3 un compa\u00f1ero a Canal 7 de Mendoza.<\/p>\n\n\n\n<p>De acuerdo con mensajes que circularon entre los estudiantes, la joven hab\u00eda anticipado su plan al menos un mes antes. \u201c<strong><em>Quiero traer el arma sin cargar, solo para asustarlos\u201d,<\/em><\/strong> le habr\u00eda dicho a su c\u00edrculo m\u00e1s cercano. Sin embargo, finalmente ingres\u00f3 al colegio con el arma cargada.<\/p>\n\n\n\n<p>Durante el episodio, la adolescente recorri\u00f3 varias aulas, <strong>golpeando las puertas con la culata del arma y mostr\u00e1ndosela a sus compa\u00f1eros<\/strong>. Testigos aseguraron que<strong> buscaba a un compa\u00f1ero que presuntamente la hostigaba, adem\u00e1s de dirigirse a una preceptora y a una profesora de matem\u00e1ticas. <\/strong>A esta \u00faltima, incluso le habr\u00eda apuntado mientras le dec\u00eda: <em>\u201c\u00bfAhora ten\u00e9s miedo?\u201d<\/em>.<\/p>\n\n\n\n<p>\u201cLe apunt\u00f3 a mi hija y le orden\u00f3 que se metiera al aula. Ella logr\u00f3 contener a sus compa\u00f1eros, pero una de las chicas tuvo una crisis nerviosa\u201d, cont\u00f3 a <strong>TN<\/strong> la madre de una de las alumnas presentes.<\/p>\n\n\n\n<p class=\"has-text-align-center\"><em><strong><em><strong><em><strong><em><strong><a href=\"https:\/\/t.me\/esreviral\">\u00daNETE A NUESTRO CANAL DE TELEGRAM PARA ESTAR INFORMADO<\/a><\/strong><\/em><\/strong><\/em><\/strong><\/em><\/strong><\/em><\/p>\n\n\n\n<p class=\"has-text-align-center\"><strong><em><mark style=\"background-color:rgba(0, 0, 0, 0)\" class=\"has-inline-color has-vivid-red-color\"><a href=\"https:\/\/esreviral.com\/?p=80495\" data-type=\"link\" data-id=\"https:\/\/esreviral.com\/?p=80495\">Lea Tambi\u00e9n: Adolescente&nbsp;que dispar\u00f3 en su colegio entreg\u00f3 el arma y la polic\u00eda la traslada a un hospital<\/a><\/mark><\/em><\/strong><\/p>\n\n\n\n<p class=\"has-text-align-right\"><strong><em>Con informaci\u00f3n de TN.<\/em><\/strong><\/p>\n","protected":false},"excerpt":{"rendered":"<p>La adolescente de 14 a\u00f1os se encuentra estable, en una sala com\u00fan de un centro de salud de La Paz. Ser\u00e1 tratada por un equipo especializado.<\/p>\n","protected":false},"author":3,"featured_media":80474,"comment_status":"closed","ping_status":"closed","sticky":false,"template":"","format":"standard","meta":{"jnews-multi-image_gallery":[],"jnews_single_post":{"format":"standard"},"jnews_primary_category":[],"jnews_social_meta":[],"jnews_review":[],"enable_review":"","type":"","name":"","summary":"","brand":"","sku":"","good":[],"bad":[],"score_override":"","override_value":"","rating":[],"price":[],"jnews_override_counter":[],"jnews_post_split":[],"footnotes":""},"categories":[58],"tags":[2189,5473,1018,45],"class_list":["post-80540","post","type-post","status-publish","format-standard","has-post-thumbnail","hentry","category-argentina","tag-adolescentes","tag-bullying","tag-mendoza","tag-noticias"],"amp_enabled":true,"_links":{"self":[{"href":"https:\/\/esreviral.com\/index.php?rest_route=\/wp\/v2\/posts\/80540"}],"collection":[{"href":"https:\/\/esreviral.com\/index.php?rest_route=\/wp\/v2\/posts"}],"about":[{"href":"https:\/\/esreviral.com\/index.php?rest_route=\/wp\/v2\/types\/post"}],"author":[{"embeddable":true,"href":"https:\/\/esreviral.com\/index.php?rest_route=\/wp\/v2\/users\/3"}],"replies":[{"embeddable":true,"href":"https:\/\/esreviral.com\/index.php?rest_route=%2Fwp%2Fv2%2Fcomments&post=80540"}],"version-history":[{"count":2,"href":"https:\/\/esreviral.com\/index.php?rest_route=\/wp\/v2\/posts\/80540\/revisions"}],"predecessor-version":[{"id":80543,"href":"https:\/\/esreviral.com\/index.php?rest_route=\/wp\/v2\/posts\/80540\/revisions\/80543"}],"wp:featuredmedia":[{"embeddable":true,"href":"https:\/\/esreviral.com\/index.php?rest_route=\/wp\/v2\/media\/80474"}],"wp:attachment":[{"href":"https:\/\/esreviral.com\/index.php?rest_route=%2Fwp%2Fv2%2Fmedia&parent=80540"}],"wp:term":[{"taxonomy":"category","embeddable":true,"href":"https:\/\/esreviral.com\/index.php?rest_route=%2Fwp%2Fv2%2Fcategories&post=80540"},{"taxonomy":"post_tag","embeddable":true,"href":"https:\/\/esreviral.com\/index.php?rest_route=%2Fwp%2Fv2%2Ftags&post=80540"}],"curies":[{"name":"wp","href":"https:\/\/api.w.org\/{rel}","templated":true}]}}