{"id":8053,"date":"2021-07-02T13:59:07","date_gmt":"2021-07-02T16:59:07","guid":{"rendered":"http:\/\/esreviral.com\/?p=8053"},"modified":"2021-07-02T13:59:07","modified_gmt":"2021-07-02T16:59:07","slug":"dos-nuevos-casos-de-la-variante-delta-se-detectaron-uno-proveniente-de-venezuela-y-otro-de-miami","status":"publish","type":"post","link":"https:\/\/esreviral.com\/?p=8053","title":{"rendered":"Dos nuevos casos de la variante Delta se detectaron, uno proveniente de Venezuela y otro de Miami"},"content":{"rendered":"\n<p>A trav\u00e9s del Twitter, la directora de migraciones, Florencia Carignano confirm\u00f3 que se detectaron dos nuevos casos de la variante Delta en Argentina, se trata de dos pasajeros que arribaron recientemente al pa\u00eds, uno proveniente de Venezuela y otro de Miami. <\/p>\n\n\n\n<p>Sobre los nuevos dos casos, la cartera sanitaria inform\u00f3 que el primero se trata de\u00a0<strong>un viajero de 42 a\u00f1os, residente de la Ciudad de Buenos Aires,\u00a0<\/strong>que\u00a0<strong>arrib\u00f3 al pa\u00eds el 15 de junio desde Miami.<\/strong>\u00a0El pasajero present\u00f3 una prueba de PCR negativa previa al vuelo y un test de ant\u00edgeno tambi\u00e9n negativo realizado al arribar al pa\u00eds.<\/p>\n\n\n\n<p><strong>La persona refiri\u00f3 haber recibido la vacuna Janssen R el 5 de junio, presentando s\u00edntomas leves que relacion\u00f3 con un cuadro de alergia.<\/strong>&nbsp;El 23 de junio se realiz\u00f3 un estudio de PCR de seguimiento con resultado detectable, por lo que se encuentra actualmente en aislamiento. Ayer el Instituto ANLIS Malbr\u00e1n confirm\u00f3 la detecci\u00f3n de variante Delta.<strong>&nbsp;El viajero convive con un familiar<\/strong>&nbsp;que actualmente se encuentra internado cursando un cuadro de neumon\u00eda. La jurisdicci\u00f3n est\u00e1 realizando los estudios de foco correspondientes al viajero y a su familiar.<\/p>\n\n\n\n<p>En cuanto\u00a0<strong>al segundo caso, es un viajero de 35 a\u00f1os tambi\u00e9n residente de Ciudad de Buenos Aires, que dijo haber permanecido dos meses en Venezuela, y regres\u00f3 al pa\u00eds el 21 de junio (V\u00eda Panama-Bogota).<\/strong>\u00a0Present\u00f3 test PCR negativo previo al vuelo y test de ant\u00edgeno realizado al arribo al pa\u00eds tambi\u00e9n negativo.<strong>\u00a0El 23 de junio comenz\u00f3 con s\u00edntomas (diarrea y mialgias);<\/strong>\u00a0y un d\u00eda despu\u00e9s se realiz\u00f3 un test de ant\u00edgeno con resultado positivo y PCR detectable, por lo que se deriv\u00f3 para cumplimiento del aislamiento a un hotel sanitario de la Ciudad. Tambi\u00e9n en este caso, el Instituto Malbr\u00e1n confirm\u00f3 ayer 1 de julio la detecci\u00f3n de variante Delta. El viajero refiri\u00f3 haber tenido contacto con una persona que actualmente se encuentra asintom\u00e1tica y en seguimiento por la jurisdicci\u00f3n.<\/p>\n\n\n\n<figure class=\"wp-block-embed-twitter wp-block-embed is-type-rich is-provider-twitter\"><div class=\"wp-block-embed__wrapper\">\n<blockquote class=\"twitter-tweet\" data-width=\"500\" data-dnt=\"true\"><p lang=\"es\" dir=\"ltr\">El <a href=\"https:\/\/twitter.com\/msalnacion?ref_src=twsrc%5Etfw\">@msalnacion<\/a> confirm\u00f3 dos casos de Delta, en argentinxs llegados del exterior con PCR negativo. Uno de ellos tuvo s\u00edntomas a los dos d\u00edas y el otro se detect\u00f3 en el PCR del 7\u00b0 d\u00eda.<br>Las medidas para cuidarnos no son en contra de nadie sino a favor de todos. Tomemos conciencia. <a href=\"https:\/\/t.co\/2Wb9Q7iCuO\">pic.twitter.com\/2Wb9Q7iCuO<\/a><\/p>&mdash; Florencia Carignano (@florcarignanook) <a href=\"https:\/\/twitter.com\/florcarignanook\/status\/1410998521822601222?ref_src=twsrc%5Etfw\">July 2, 2021<\/a><\/blockquote><script async src=\"https:\/\/platform.twitter.com\/widgets.js\" charset=\"utf-8\"><\/script>\n<\/div><\/figure>\n\n\n\n<p class=\"has-text-align-right\"><strong><em>Infobae.- <\/em><\/strong><\/p>\n","protected":false},"excerpt":{"rendered":"<p>A trav\u00e9s del Twitter, la directora de migraciones, Florencia Carignano confirm\u00f3 que se detectaron dos nuevos casos de la variante Delta en Argentina, se trata de dos pasajeros que arribaron recientemente al pa\u00eds, uno proveniente de Venezuela y otro de Miami. Sobre los nuevos dos casos, la cartera sanitaria inform\u00f3 que el primero se trata [&hellip;]<\/p>\n","protected":false},"author":2,"featured_media":8054,"comment_status":"open","ping_status":"open","sticky":false,"template":"","format":"standard","meta":{"jnews-multi-image_gallery":[],"jnews_single_post":[],"jnews_primary_category":[],"jnews_social_meta":[],"jnews_review":[],"enable_review":"","type":"","name":"","summary":"","brand":"","sku":"","good":[],"bad":[],"score_override":"","override_value":"","rating":[],"price":[],"jnews_override_counter":[],"jnews_post_split":[],"footnotes":""},"categories":[76],"tags":[44,77,45,67],"class_list":["post-8053","post","type-post","status-publish","format-standard","has-post-thumbnail","hentry","category-coronavirus","tag-argentina","tag-coronavirus","tag-noticias","tag-venezolanos-en-argentina"],"amp_enabled":true,"_links":{"self":[{"href":"https:\/\/esreviral.com\/index.php?rest_route=\/wp\/v2\/posts\/8053"}],"collection":[{"href":"https:\/\/esreviral.com\/index.php?rest_route=\/wp\/v2\/posts"}],"about":[{"href":"https:\/\/esreviral.com\/index.php?rest_route=\/wp\/v2\/types\/post"}],"author":[{"embeddable":true,"href":"https:\/\/esreviral.com\/index.php?rest_route=\/wp\/v2\/users\/2"}],"replies":[{"embeddable":true,"href":"https:\/\/esreviral.com\/index.php?rest_route=%2Fwp%2Fv2%2Fcomments&post=8053"}],"version-history":[{"count":0,"href":"https:\/\/esreviral.com\/index.php?rest_route=\/wp\/v2\/posts\/8053\/revisions"}],"wp:featuredmedia":[{"embeddable":true,"href":"https:\/\/esreviral.com\/index.php?rest_route=\/"}],"wp:attachment":[{"href":"https:\/\/esreviral.com\/index.php?rest_route=%2Fwp%2Fv2%2Fmedia&parent=8053"}],"wp:term":[{"taxonomy":"category","embeddable":true,"href":"https:\/\/esreviral.com\/index.php?rest_route=%2Fwp%2Fv2%2Fcategories&post=8053"},{"taxonomy":"post_tag","embeddable":true,"href":"https:\/\/esreviral.com\/index.php?rest_route=%2Fwp%2Fv2%2Ftags&post=8053"}],"curies":[{"name":"wp","href":"https:\/\/api.w.org\/{rel}","templated":true}]}}