{"id":80529,"date":"2025-09-10T19:36:56","date_gmt":"2025-09-11T00:36:56","guid":{"rendered":"https:\/\/esreviral.com\/?p=80529"},"modified":"2025-09-11T09:05:13","modified_gmt":"2025-09-11T14:05:13","slug":"la-fvf-anuncio-la-salida-de-fernando-bocha-batista-como-tecnico-de-la-vinotinto","status":"publish","type":"post","link":"https:\/\/esreviral.com\/?p=80529","title":{"rendered":"La FVF anunci\u00f3 la salida de Fernando \u201cBocha\u201d Batista como t\u00e9cnico de la Vinotinto"},"content":{"rendered":"\n<p><strong><em>KQA.- <\/em><\/strong>La<strong> Federaci\u00f3n Venezolana de F\u00fatbol (FVF)<\/strong> oficializ\u00f3 este mi\u00e9rcoles la finalizaci\u00f3n del ciclo de Fernando \u201cBocha\u201d Batista al frente de la selecci\u00f3n absoluta de Venezuela, junto con todo su cuerpo t\u00e9cnico, tras concluir el proceso clasificatorio rumbo al Mundial de la FIFA 2026.<\/p>\n\n\n\n<p>La decisi\u00f3n se tom\u00f3 debido a que no se alcanzaron los resultados deportivos planteados como objetivo en este per\u00edodo. Aunque la FVF reconoci\u00f3 el esfuerzo y la entrega del entrenador argentino, consider\u00f3 necesario un cambio de rumbo para garantizar que la Vinotinto contin\u00fae con su proceso de crecimiento y consolidaci\u00f3n.<\/p>\n\n\n\n<p class=\"has-text-align-center\"><strong><a href=\"https:\/\/chat.whatsapp.com\/KWkTmakY3I05kNdd2oZl6d\"><em>\u00daNETE A NUESTRO GRUPO DE WHATSAPP PARA ESTAR INFORMADO<\/em><\/a><\/strong><\/p>\n\n\n\n<blockquote class=\"twitter-tweet\"><p lang=\"pt\" dir=\"ltr\">Comunicado <a href=\"https:\/\/t.co\/kG0ijIVLQK\">pic.twitter.com\/kG0ijIVLQK<\/a><\/p>&mdash; FVF (@FVF_Oficial) <a href=\"https:\/\/twitter.com\/FVF_Oficial\/status\/1965928899449336186?ref_src=twsrc%5Etfw\">September 11, 2025<\/a><\/blockquote> <script async src=\"https:\/\/platform.twitter.com\/widgets.js\" charset=\"utf-8\"><\/script>\n\n\n\n<p><\/p>\n\n\n\n<p>\u201cBajo la conducci\u00f3n de Batista, la selecci\u00f3n mostr\u00f3 car\u00e1cter competitivo y momentos de evoluci\u00f3n futbol\u00edstica, pero los resultados finales no estuvieron a la altura de las expectativas del pa\u00eds y de la instituci\u00f3n\u201d, se\u00f1al\u00f3 la federaci\u00f3n en el comunicado.<\/p>\n\n\n\n<p>La FVF reafirm\u00f3 su compromiso con el desarrollo del f\u00fatbol venezolano y adelant\u00f3 que ya trabaja en la conformaci\u00f3n de un nuevo cuerpo t\u00e9cnico, con el objetivo de encarar con determinaci\u00f3n el pr\u00f3ximo ciclo mundialista.<\/p>\n\n\n\n<p>Batista asumi\u00f3 la direcci\u00f3n t\u00e9cnica de la Vinotinto en marzo de 2023, tras la salida de Jos\u00e9 Pekerman, y dirigi\u00f3 la totalidad del ciclo rumbo a la Copa del Mundo 2026.<\/p>\n\n\n\n<p class=\"has-text-align-center\"><em><strong><em><strong><em><strong><em><strong><a href=\"https:\/\/t.me\/esreviral\">\u00daNETE A NUESTRO CANAL DE TELEGRAM PARA ESTAR INFORMADO<\/a><\/strong><\/em><\/strong><\/em><\/strong><\/em><\/strong><\/em><\/p>\n\n\n\n<p class=\"has-text-align-center\"><strong><em><mark style=\"background-color:rgba(0, 0, 0, 0)\" class=\"has-inline-color has-vivid-red-color\"><a href=\"https:\/\/esreviral.com\/?p=80552\" data-type=\"link\" data-id=\"https:\/\/esreviral.com\/?p=80552\">Lea Tambi\u00e9n: Bocha Batista se despidi\u00f3 de la Vinotinto: \u00abNos vamos con la certeza de haber dado todo\u00bb<\/a><\/mark><\/em><\/strong><\/p>\n","protected":false},"excerpt":{"rendered":"<p>La instituci\u00f3n inform\u00f3 que la decisi\u00f3n se debe a que \u201cno se alcanzaron los resultados deportivos establecidos como objetivo\u201d<\/p>\n","protected":false},"author":3,"featured_media":80530,"comment_status":"closed","ping_status":"closed","sticky":false,"template":"","format":"standard","meta":{"jnews-multi-image_gallery":[],"jnews_single_post":{"format":"standard"},"jnews_primary_category":[],"jnews_social_meta":[],"jnews_review":[],"enable_review":"","type":"","name":"","summary":"","brand":"","sku":"","good":[],"bad":[],"score_override":"","override_value":"","rating":[],"price":[],"jnews_override_counter":[],"jnews_post_split":[],"footnotes":""},"categories":[48],"tags":[35309,17870,866,45,56,91],"class_list":["post-80529","post","type-post","status-publish","format-standard","has-post-thumbnail","hentry","category-deportes","tag-federacion-venezolana-de-futbol-fvf","tag-fernando-bocha-batista","tag-fvf","tag-noticias","tag-venezuela","tag-vinotinto"],"_links":{"self":[{"href":"https:\/\/esreviral.com\/index.php?rest_route=\/wp\/v2\/posts\/80529","targetHints":{"allow":["GET"]}}],"collection":[{"href":"https:\/\/esreviral.com\/index.php?rest_route=\/wp\/v2\/posts"}],"about":[{"href":"https:\/\/esreviral.com\/index.php?rest_route=\/wp\/v2\/types\/post"}],"author":[{"embeddable":true,"href":"https:\/\/esreviral.com\/index.php?rest_route=\/wp\/v2\/users\/3"}],"replies":[{"embeddable":true,"href":"https:\/\/esreviral.com\/index.php?rest_route=%2Fwp%2Fv2%2Fcomments&post=80529"}],"version-history":[{"count":2,"href":"https:\/\/esreviral.com\/index.php?rest_route=\/wp\/v2\/posts\/80529\/revisions"}],"predecessor-version":[{"id":80556,"href":"https:\/\/esreviral.com\/index.php?rest_route=\/wp\/v2\/posts\/80529\/revisions\/80556"}],"wp:featuredmedia":[{"embeddable":true,"href":"https:\/\/esreviral.com\/index.php?rest_route=\/wp\/v2\/media\/80530"}],"wp:attachment":[{"href":"https:\/\/esreviral.com\/index.php?rest_route=%2Fwp%2Fv2%2Fmedia&parent=80529"}],"wp:term":[{"taxonomy":"category","embeddable":true,"href":"https:\/\/esreviral.com\/index.php?rest_route=%2Fwp%2Fv2%2Fcategories&post=80529"},{"taxonomy":"post_tag","embeddable":true,"href":"https:\/\/esreviral.com\/index.php?rest_route=%2Fwp%2Fv2%2Ftags&post=80529"}],"curies":[{"name":"wp","href":"https:\/\/api.w.org\/{rel}","templated":true}]}}