{"id":80490,"date":"2025-09-10T11:46:33","date_gmt":"2025-09-10T16:46:33","guid":{"rendered":"https:\/\/esreviral.com\/?p=80490"},"modified":"2025-09-10T11:46:34","modified_gmt":"2025-09-10T16:46:34","slug":"dia-mundial-para-la-prevencion-del-suicidio-un-llamado-urgente-a-la-accion-y-a-la-empatia","status":"publish","type":"post","link":"https:\/\/esreviral.com\/?p=80490","title":{"rendered":"D\u00eda Mundial para la Prevenci\u00f3n del Suicidio: un llamado urgente a la acci\u00f3n y a la empat\u00eda"},"content":{"rendered":"\n<p>Este mi\u00e9rcoles 10 de septiembre se conmemora el <strong>D\u00eda Mundial para la Prevenci\u00f3n del Suicidio<\/strong>, una problem\u00e1tica de salud p\u00fablica y una de las principales causas de muerte en el mundo, que puede afectar a personas de cualquier edad.<\/p>\n\n\n\n<p class=\"has-text-align-center\"><strong><a href=\"https:\/\/chat.whatsapp.com\/KWkTmakY3I05kNdd2oZl6d\"><em>\u00daNETE A NUESTRO GRUPO DE WHATSAPP PARA ESTAR INFORMADO<\/em><\/a><\/strong><\/p>\n\n\n\n<p>Seg\u00fan la <strong>Organizaci\u00f3n Mundial de la Salud (OMS)<\/strong>, cada a\u00f1o m\u00e1s de <strong>700.000 personas<\/strong> pierden la vida por suicidio, y casi el <strong>77 %<\/strong> de los casos ocurren en pa\u00edses de ingresos bajos y medianos.<\/p>\n\n\n\n<h3 class=\"wp-block-heading\"><strong><mark style=\"background-color:rgba(0, 0, 0, 0)\" class=\"has-inline-color has-vivid-red-color\">\u00bfPor qu\u00e9 se conmemora el 10 de septiembre?<\/mark><\/strong><\/h3>\n\n\n\n<p>Esta fecha fue establecida por la <strong>Asociaci\u00f3n Internacional para la Prevenci\u00f3n del Suicidio (IASP)<\/strong> en colaboraci\u00f3n con la OMS, con el objetivo de generar conciencia sobre el tema y promover acciones de prevenci\u00f3n a nivel global.<\/p>\n\n\n\n<p>El lema para el per\u00edodo <strong>2024-2026 es \u00abCambiar la narrativa\u00bb<\/strong>, que busca derribar barreras como el estigma, fomentar la comprensi\u00f3n y crear una cultura de apoyo para prevenir el suicidio.<\/p>\n\n\n\n<p class=\"has-text-align-center\"><em><strong><em><strong><em><strong><em><strong><a href=\"https:\/\/t.me\/esreviral\">\u00daNETE A NUESTRO CANAL DE TELEGRAM PARA ESTAR INFORMADO<\/a><\/strong><\/em><\/strong><\/em><\/strong><\/em><\/strong><\/em><\/p>\n\n\n\n<p class=\"has-text-align-right\"><strong><em>Con informaci\u00f3n de noticialdia.com.-<\/em><\/strong><\/p>\n","protected":false},"excerpt":{"rendered":"<p>La Organizaci\u00f3n Mundial de la Salud (OMS) estima que cada a\u00f1o m\u00e1s de 700 mil personas mueren a causa del suicidio<\/p>\n","protected":false},"author":3,"featured_media":80491,"comment_status":"closed","ping_status":"closed","sticky":false,"template":"","format":"standard","meta":{"jnews-multi-image_gallery":[],"jnews_single_post":{"format":"standard"},"jnews_primary_category":[],"jnews_social_meta":[],"jnews_review":[],"enable_review":"","type":"","name":"","summary":"","brand":"","sku":"","good":[],"bad":[],"score_override":"","override_value":"","rating":[],"price":[],"jnews_override_counter":[],"jnews_post_split":[],"footnotes":""},"categories":[84],"tags":[35509,45,2230,551],"class_list":["post-80490","post","type-post","status-publish","format-standard","has-post-thumbnail","hentry","category-salud","tag-dia-mundial-para-la-prevencion-del-suicidio","tag-noticias","tag-organizacion-mundial-de-la-salud","tag-suicidio"],"amp_enabled":true,"_links":{"self":[{"href":"https:\/\/esreviral.com\/index.php?rest_route=\/wp\/v2\/posts\/80490"}],"collection":[{"href":"https:\/\/esreviral.com\/index.php?rest_route=\/wp\/v2\/posts"}],"about":[{"href":"https:\/\/esreviral.com\/index.php?rest_route=\/wp\/v2\/types\/post"}],"author":[{"embeddable":true,"href":"https:\/\/esreviral.com\/index.php?rest_route=\/wp\/v2\/users\/3"}],"replies":[{"embeddable":true,"href":"https:\/\/esreviral.com\/index.php?rest_route=%2Fwp%2Fv2%2Fcomments&post=80490"}],"version-history":[{"count":1,"href":"https:\/\/esreviral.com\/index.php?rest_route=\/wp\/v2\/posts\/80490\/revisions"}],"predecessor-version":[{"id":80492,"href":"https:\/\/esreviral.com\/index.php?rest_route=\/wp\/v2\/posts\/80490\/revisions\/80492"}],"wp:featuredmedia":[{"embeddable":true,"href":"https:\/\/esreviral.com\/index.php?rest_route=\/wp\/v2\/media\/80491"}],"wp:attachment":[{"href":"https:\/\/esreviral.com\/index.php?rest_route=%2Fwp%2Fv2%2Fmedia&parent=80490"}],"wp:term":[{"taxonomy":"category","embeddable":true,"href":"https:\/\/esreviral.com\/index.php?rest_route=%2Fwp%2Fv2%2Fcategories&post=80490"},{"taxonomy":"post_tag","embeddable":true,"href":"https:\/\/esreviral.com\/index.php?rest_route=%2Fwp%2Fv2%2Ftags&post=80490"}],"curies":[{"name":"wp","href":"https:\/\/api.w.org\/{rel}","templated":true}]}}