{"id":8049,"date":"2021-07-02T12:48:21","date_gmt":"2021-07-02T15:48:21","guid":{"rendered":"http:\/\/esreviral.com\/?p=8049"},"modified":"2021-07-02T12:48:21","modified_gmt":"2021-07-02T15:48:21","slug":"luiseth-materan-es-la-nueva-miss-venezuela-que-ira-al-miss-universo-2021","status":"publish","type":"post","link":"https:\/\/esreviral.com\/?p=8049","title":{"rendered":"Luiseth Mater\u00e1n es la nueva Miss Venezuela que ir\u00e1 al Miss Universo 2021"},"content":{"rendered":"\n<p><strong><em>CIS.- <\/em><\/strong>Finalmente se devel\u00f3 el nombre de la Miss que fue designada por el Comit\u00e9 de la Belleza del Miss Venezuela, se trata de Luiseth Mater\u00e1n quien el a\u00f1o pasado represent\u00f3 al estado Miranda y caus\u00f3 una gran pol\u00e9mica con su dise\u00f1ador, lo que para muchos, le quit\u00f3 la corona, ya que era la favorita a vencer pero fue sancionada. <\/p>\n\n\n\n<p>Mater\u00e1n de 23 a\u00f1os de edad, es licenciada en Comunicaci\u00f3n Social y  actriz. Estuvo recientemente por M\u00e9xico haciendo unos casting y ahora iniciar\u00e1 el trabajo en la Quinta Morada para su preparaci\u00f3n rumbo al Miss Universo 2021 que se realizar\u00e1 en diciembre en Costa Rica. <\/p>\n\n\n\n<p>Mater\u00e1n tendr\u00e1 la gran tarea no s\u00f3lo de buscar la octava corona para su pa\u00eds en el concurso universal sino m\u00ednimo de clasificar en el top, luego que hace unos meses, Mari\u00e1ngel Villasmil no lograra la clasificaci\u00f3n uni\u00e9ndose al grupo de Marelisa Gibson (2011), Jitzad Vi\u00f1a (2006) y Ana Karina A\u00f1ez (2004).<\/p>\n\n\n\n<p>De esta manera Mater\u00e1n se convierte en la segunda venezolana en ser designada para este concurso, ya que en 1991, el entonces presidente de la Organizaci\u00f3n Miss Venezuela, Osmel Sousa, envi\u00f3 a Jaqueline Rodr\u00edguez. <\/p>\n\n\n\n<figure class=\"wp-block-image size-large\"><img decoding=\"async\" src=\"https:\/\/esreviral.com\/wp-content\/uploads\/2021\/07\/Captura-de-Pantalla-2021-07-02-a-las-12.40.01-883x1024.png\" alt=\"\" class=\"wp-image-8050\"\/><\/figure>\n","protected":false},"excerpt":{"rendered":"<p>Es la segunda representante venezolana en ser designada en la historia. La primera fue Jaqueline Rodr\u00edguez<\/p>\n","protected":false},"author":2,"featured_media":8052,"comment_status":"open","ping_status":"open","sticky":false,"template":"","format":"standard","meta":{"jnews-multi-image_gallery":[],"jnews_single_post":[],"jnews_primary_category":[],"jnews_social_meta":[],"jnews_review":[],"enable_review":"","type":"","name":"","summary":"","brand":"","sku":"","good":[],"bad":[],"score_override":"","override_value":"","rating":[],"price":[],"jnews_override_counter":[],"jnews_post_split":[],"footnotes":""},"categories":[50],"tags":[935,476,45],"class_list":["post-8049","post","type-post","status-publish","format-standard","has-post-thumbnail","hentry","category-entretenimiento","tag-luiseth-materan","tag-miss-venezuela","tag-noticias"],"amp_enabled":true,"_links":{"self":[{"href":"https:\/\/esreviral.com\/index.php?rest_route=\/wp\/v2\/posts\/8049"}],"collection":[{"href":"https:\/\/esreviral.com\/index.php?rest_route=\/wp\/v2\/posts"}],"about":[{"href":"https:\/\/esreviral.com\/index.php?rest_route=\/wp\/v2\/types\/post"}],"author":[{"embeddable":true,"href":"https:\/\/esreviral.com\/index.php?rest_route=\/wp\/v2\/users\/2"}],"replies":[{"embeddable":true,"href":"https:\/\/esreviral.com\/index.php?rest_route=%2Fwp%2Fv2%2Fcomments&post=8049"}],"version-history":[{"count":0,"href":"https:\/\/esreviral.com\/index.php?rest_route=\/wp\/v2\/posts\/8049\/revisions"}],"wp:featuredmedia":[{"embeddable":true,"href":"https:\/\/esreviral.com\/index.php?rest_route=\/"}],"wp:attachment":[{"href":"https:\/\/esreviral.com\/index.php?rest_route=%2Fwp%2Fv2%2Fmedia&parent=8049"}],"wp:term":[{"taxonomy":"category","embeddable":true,"href":"https:\/\/esreviral.com\/index.php?rest_route=%2Fwp%2Fv2%2Fcategories&post=8049"},{"taxonomy":"post_tag","embeddable":true,"href":"https:\/\/esreviral.com\/index.php?rest_route=%2Fwp%2Fv2%2Ftags&post=8049"}],"curies":[{"name":"wp","href":"https:\/\/api.w.org\/{rel}","templated":true}]}}