{"id":8045,"date":"2021-07-02T12:32:50","date_gmt":"2021-07-02T15:32:50","guid":{"rendered":"http:\/\/esreviral.com\/?p=8045"},"modified":"2021-07-02T12:32:50","modified_gmt":"2021-07-02T15:32:50","slug":"envideo-asi-fue-como-un-sujeto-mato-a-su-pareja-venezolana-por-celos-en-colombia","status":"publish","type":"post","link":"https:\/\/esreviral.com\/?p=8045","title":{"rendered":"#ENVIDEO As\u00ed fue como un sujeto mat\u00f3 a su pareja venezolana por celos, en Colombia"},"content":{"rendered":"\n<p>Una mujer venezolana, de 19 a\u00f1os de edad, fue asesinada por su pareja\u00a0<strong>en medio de presunto un ataque de celos<\/strong>, en el municipio de Bosconia, en Colombia. El femicidio de Rosal\u00edn Mariana Rojas qued\u00f3 grabado en\u00a0<a href=\"https:\/\/twitter.com\/BosconiaC\/status\/1410356422836166667?ref_src=twsrc%5Etfw%7Ctwcamp%5Etweetembed%7Ctwterm%5E1410356422836166667%7Ctwgr%5E%7Ctwcon%5Es1_&amp;ref_url=https%3A%2F%2Fwww.elnacional.com%2Fwp-admin%2Fpost.php%3Fpost%3D716224action%3Dedit\">video<\/a>\u00a0en las c\u00e1maras de seguridad del sector.<\/p>\n\n\n\n<p>Las investigaciones se\u00f1alan que Jhon Jairo Fl\u00f3rez estaba en Bosconia trabajando y le pidi\u00f3 a Rojas, quien resid\u00eda en la localidad de El Copey, que le llevara una ropa y tambi\u00e9n para que pasaran algunos d\u00edas juntos, rese\u00f1\u00f3 el medio local\u00a0<em><a href=\"https:\/\/elpilon.com.co\/la-pareja-de-rosalin-rojas-la-habria-matado-en-bosconia-por-celos\/\">El Pil\u00f3n<\/a><\/em>.<\/p>\n\n\n\n<figure class=\"wp-block-image size-large\"><img decoding=\"async\" src=\"https:\/\/esreviral.com\/wp-content\/uploads\/2021\/07\/venezolana1-1024x614.jpeg\" alt=\"\" class=\"wp-image-8047\"\/><figcaption>Rosal\u00edn Mariana Rojas y Jhon Jairo Fl\u00f3rez ten\u00edan un mes de relaci\u00f3n sentimental<\/figcaption><\/figure>\n\n\n\n<p>Durante la noche del 29 de junio surgi\u00f3 una discusi\u00f3n y por ese motivo la mujer se march\u00f3 del lugar en horas de la madrugada del d\u00eda siguiente. El hombre<strong>&nbsp;la persigui\u00f3 en una moto y posteriormente se baj\u00f3<\/strong>&nbsp;para alcanzarla caminando, en el barrio Gait\u00e1n.<\/p>\n\n\n\n<p>En un video se observa que el hombre se acerc\u00f3 a la mujer y\u00a0<strong>le propin\u00f3 tres disparos a quemarropa en su rostro<\/strong>. El material fue importante para que las autoridades dieran con el material material del crimen.<\/p>\n\n\n\n<p>La hermana de la v\u00edctima dijo a las autoridades que Fl\u00f3rez celaba mucho a Rojas porque se molestaba por las conversaciones que ella ten\u00eda con sus amigos, indic\u00f3 el medio.<\/p>\n\n\n\n<p>Al hombre lo detuvieron funcionarios de la Polic\u00eda Nacional de Colombia<strong>\u00a0luego de haber confesado el crimen<\/strong>\u00a0durante una requisa, inform\u00f3 Alejandro El\u00edas Tapias Ochoa, fiscal sexto seccional del municipio Bosconia.<\/p>\n\n\n\n<div class=\"wp-block-image\"><figure class=\"alignleft size-large is-resized\"><img decoding=\"async\" src=\"https:\/\/i0.wp.com\/elpilon.com.co\/wp-content\/uploads\/2013\/07\/ALIAS-PEREA.jpg?fit=500%2C281&amp;ssl=1&amp;resize=350%2C200\" alt=\"\" width=\"295\" height=\"165\"\/><\/figure><\/div>\n\n\n\n<p>El funcionario explic\u00f3 que la aprehensi\u00f3n ocurri\u00f3 en la misma residencia de donde se hab\u00eda marchado Rojas en d\u00edas recientes. Polic\u00edas\u00a0<strong>llegaron al domicilio para una requisa y encontraron una pistola<\/strong>, lo capturaron inicialmente por el porte ilegal de arma.<\/p>\n\n\n\n<p>\u00abLos uniformados informan que al solicitarle su identificaci\u00f3n manifest\u00f3 que la mat\u00f3 por \u2018faltona\u2019\u00bb, manifest\u00f3 el fiscal.<\/p>\n\n\n\n<p class=\"has-text-align-right\"><strong><em>El Nacional.-<\/em><\/strong><\/p>\n\n\n\n<figure class=\"wp-block-embed-twitter wp-block-embed is-type-rich is-provider-twitter\"><div class=\"wp-block-embed__wrapper\">\nhttps:\/\/twitter.com\/BosconiaC\/status\/1410356422836166667?ref_src=twsrc%5Etfw%7Ctwcamp%5Etweetembed%7Ctwterm%5E1410356422836166667%7Ctwgr%5E%7Ctwcon%5Es1_&#038;ref_url=https%3A%2F%2Fwww.elnacional.com%2Fvenezuela%2Fsucesos%2Fhombre-asesino-a-una-venezolana-en-colombia-por-presuntos-celos%2F\n<\/div><\/figure>\n","protected":false},"excerpt":{"rendered":"<p>El sujeto qued\u00f3 grabado al momento de dispararle a su v\u00edctima<\/p>\n","protected":false},"author":2,"featured_media":8046,"comment_status":"open","ping_status":"open","sticky":false,"template":"","format":"standard","meta":{"jnews-multi-image_gallery":[],"jnews_single_post":[],"jnews_primary_category":[],"jnews_social_meta":[],"jnews_review":[],"enable_review":"","type":"","name":"","summary":"","brand":"","sku":"","good":[],"bad":[],"score_override":"","override_value":"","rating":[],"price":[],"jnews_override_counter":[],"jnews_post_split":[],"footnotes":""},"categories":[88,64],"tags":[555,45,743],"class_list":["post-8045","post","type-post","status-publish","format-standard","has-post-thumbnail","hentry","category-internacionales","category-sucesos","tag-femicidio","tag-noticias","tag-venezolanos-en-colombia"],"amp_enabled":true,"_links":{"self":[{"href":"https:\/\/esreviral.com\/index.php?rest_route=\/wp\/v2\/posts\/8045"}],"collection":[{"href":"https:\/\/esreviral.com\/index.php?rest_route=\/wp\/v2\/posts"}],"about":[{"href":"https:\/\/esreviral.com\/index.php?rest_route=\/wp\/v2\/types\/post"}],"author":[{"embeddable":true,"href":"https:\/\/esreviral.com\/index.php?rest_route=\/wp\/v2\/users\/2"}],"replies":[{"embeddable":true,"href":"https:\/\/esreviral.com\/index.php?rest_route=%2Fwp%2Fv2%2Fcomments&post=8045"}],"version-history":[{"count":0,"href":"https:\/\/esreviral.com\/index.php?rest_route=\/wp\/v2\/posts\/8045\/revisions"}],"wp:featuredmedia":[{"embeddable":true,"href":"https:\/\/esreviral.com\/index.php?rest_route=\/"}],"wp:attachment":[{"href":"https:\/\/esreviral.com\/index.php?rest_route=%2Fwp%2Fv2%2Fmedia&parent=8045"}],"wp:term":[{"taxonomy":"category","embeddable":true,"href":"https:\/\/esreviral.com\/index.php?rest_route=%2Fwp%2Fv2%2Fcategories&post=8045"},{"taxonomy":"post_tag","embeddable":true,"href":"https:\/\/esreviral.com\/index.php?rest_route=%2Fwp%2Fv2%2Ftags&post=8045"}],"curies":[{"name":"wp","href":"https:\/\/api.w.org\/{rel}","templated":true}]}}