{"id":8031,"date":"2021-07-01T19:43:18","date_gmt":"2021-07-01T22:43:18","guid":{"rendered":"http:\/\/esreviral.com\/?p=8031"},"modified":"2021-07-01T19:43:18","modified_gmt":"2021-07-01T22:43:18","slug":"denuncian-a-una-mujer-que-maltrato-a-venezolano-en-una-tienda","status":"publish","type":"post","link":"https:\/\/esreviral.com\/?p=8031","title":{"rendered":"Denuncian a una mujer que maltrat\u00f3 a venezolano en una tienda (+VIDEO)"},"content":{"rendered":"\n<p><strong><em>CIS.- U<\/em><\/strong>na mujer maltrat\u00f3 a un venezolano que trabaja en una tienda de accesorios de tel\u00e9fonos ubicada en la avenida Santa Fe al 2649 de Buenos Aires. <\/p>\n\n\n\n<p>Al parecer, la mujer fue a cambiar unos auriculares que le salieron con desperfectos y aunque le dijeron que le iban a hacer el cambio, la mujer reaccion\u00f3 de una manera grosera, calificando de \u00abestafador\u00bb al venezolano que trabaja en la tienda. <\/p>\n\n\n\n<p>El afectado puso la denuncia ante la polic\u00eda pero hasta ahora no han dado con la dama, de quien se desconoce su identificaci\u00f3n. Los due\u00f1os del local le dijeron al hombre que no pod\u00eda haberla dejado salir as\u00ed del local, \u00abporque hasta se llev\u00f3 unos accesorios sin pagarlos\u00bb. <\/p>\n\n\n\n<p>El joven, de 27 a\u00f1os de edad, reside en Argentina junto a una hermana desde hace dos a\u00f1os y son de Valle de la Pascua, estado Gu\u00e1rico. <\/p>\n\n\n\n<figure class=\"wp-block-embed-twitter wp-block-embed is-type-rich is-provider-twitter\"><div class=\"wp-block-embed__wrapper\">\n<blockquote class=\"twitter-tweet\" data-width=\"500\" data-dnt=\"true\"><p lang=\"es\" dir=\"ltr\">Una mujer desbarat\u00f3 una tienda de accesorios de celulares en Buenos Aires, luego que unos auriculares le salieron con desperfecto <a href=\"https:\/\/t.co\/N7qCVtCSPX\">pic.twitter.com\/N7qCVtCSPX<\/a><\/p>&mdash; ES RE VIRAL (@esreviral) <a href=\"https:\/\/twitter.com\/esreviral\/status\/1410731222037270533?ref_src=twsrc%5Etfw\">July 1, 2021<\/a><\/blockquote><script async src=\"https:\/\/platform.twitter.com\/widgets.js\" charset=\"utf-8\"><\/script>\n<\/div><\/figure>\n","protected":false},"excerpt":{"rendered":"<p>CIS.- Una mujer maltrat\u00f3 a un venezolano que trabaja en una tienda de accesorios de tel\u00e9fonos ubicada en la avenida Santa Fe al 2649 de Buenos Aires. Al parecer, la mujer fue a cambiar unos auriculares que le salieron con desperfectos y aunque le dijeron que le iban a hacer el cambio, la mujer reaccion\u00f3 [&hellip;]<\/p>\n","protected":false},"author":2,"featured_media":8032,"comment_status":"open","ping_status":"open","sticky":false,"template":"","format":"standard","meta":{"jnews-multi-image_gallery":[],"jnews_single_post":[],"jnews_primary_category":[],"jnews_social_meta":[],"jnews_review":[],"enable_review":"","type":"","name":"","summary":"","brand":"","sku":"","good":[],"bad":[],"score_override":"","override_value":"","rating":[],"price":[],"jnews_override_counter":[],"jnews_post_split":[],"footnotes":""},"categories":[54],"tags":[45,67],"class_list":["post-8031","post","type-post","status-publish","format-standard","has-post-thumbnail","hentry","category-inmigracion","tag-noticias","tag-venezolanos-en-argentina"],"amp_enabled":true,"_links":{"self":[{"href":"https:\/\/esreviral.com\/index.php?rest_route=\/wp\/v2\/posts\/8031"}],"collection":[{"href":"https:\/\/esreviral.com\/index.php?rest_route=\/wp\/v2\/posts"}],"about":[{"href":"https:\/\/esreviral.com\/index.php?rest_route=\/wp\/v2\/types\/post"}],"author":[{"embeddable":true,"href":"https:\/\/esreviral.com\/index.php?rest_route=\/wp\/v2\/users\/2"}],"replies":[{"embeddable":true,"href":"https:\/\/esreviral.com\/index.php?rest_route=%2Fwp%2Fv2%2Fcomments&post=8031"}],"version-history":[{"count":0,"href":"https:\/\/esreviral.com\/index.php?rest_route=\/wp\/v2\/posts\/8031\/revisions"}],"wp:featuredmedia":[{"embeddable":true,"href":"https:\/\/esreviral.com\/index.php?rest_route=\/"}],"wp:attachment":[{"href":"https:\/\/esreviral.com\/index.php?rest_route=%2Fwp%2Fv2%2Fmedia&parent=8031"}],"wp:term":[{"taxonomy":"category","embeddable":true,"href":"https:\/\/esreviral.com\/index.php?rest_route=%2Fwp%2Fv2%2Fcategories&post=8031"},{"taxonomy":"post_tag","embeddable":true,"href":"https:\/\/esreviral.com\/index.php?rest_route=%2Fwp%2Fv2%2Ftags&post=8031"}],"curies":[{"name":"wp","href":"https:\/\/api.w.org\/{rel}","templated":true}]}}