{"id":80298,"date":"2025-09-07T21:05:54","date_gmt":"2025-09-08T02:05:54","guid":{"rendered":"https:\/\/esreviral.com\/?p=80298"},"modified":"2025-09-07T21:24:37","modified_gmt":"2025-09-08T02:24:37","slug":"axel-kicillof-tras-la-victoria-es-una-alegria-reparadora-le-vinimos-a-poner-freno-al-gobierno-de-milei","status":"publish","type":"post","link":"https:\/\/esreviral.com\/?p=80298","title":{"rendered":"Axel Kicillof, tras la victoria: \u201cEs una alegr\u00eda reparadora, le vinimos a poner freno al gobierno de Milei\u201d"},"content":{"rendered":"\n<p>El gobernador de la provincia de Buenos Aires, <strong>Axel Kicillof<\/strong>, habl\u00f3 este domingo por la noche <strong><a href=\"http:\/\/esreviral.com\/?p=80284\" data-type=\"link\" data-id=\"esreviral.com\/?p=80284\">tras consolidarse el triunfo del peronismo en las elecciones legislativas bonaerenses<\/a><\/strong>. Desde el b\u00fanker de <strong>Fuerza Patria<\/strong> en La Plata, el mandatario estuvo acompa\u00f1ado por funcionarios, candidatos y referentes del PJ, mientras la militancia coreaba \u201ces para Axel la conducci\u00f3n\u201d y \u201cAxel presidente\u201d.<\/p>\n\n\n\n<p>Kicillof abri\u00f3 su discurso con agradecimientos:<\/p>\n\n\n\n<blockquote class=\"wp-block-quote is-layout-flow wp-block-quote-is-layout-flow\">\n<p>\u201cPrimero a los millones de bonaerenses que participaron hoy. Segundo a los militantes que vencieron la resignaci\u00f3n y salieron a pelear la elecci\u00f3n. Tercero a los candidatos, especialmente a los seccionales y distritales de Fuerza Patria. Protagonizaron una elecci\u00f3n hist\u00f3rica, junto con los intendentes que defendieron a nuestra gente\u201d.<\/p>\n<\/blockquote>\n\n\n\n<p>Luego destac\u00f3 la unidad del espacio:<\/p>\n\n\n\n<blockquote class=\"wp-block-quote is-layout-flow wp-block-quote-is-layout-flow\">\n<p>\u201cGracias a quienes entendieron que ten\u00edamos que forjar una sola boleta, la de Fuerza Patria, que hoy termin\u00f3 con una victoria aplastante en toda la provincia. Gracias Sergio [Massa], gracias Cristina [Kirchner], injustamente condenada, que tendr\u00eda que estar en este escenario\u201d.<\/p>\n<\/blockquote>\n\n\n\n<p>El gobernador tambi\u00e9n agradeci\u00f3 a dirigentes sindicales, candidatos nacionales y a las autoridades electorales por garantizar \u201cuna de las elecciones m\u00e1s pac\u00edficas y transparentes de la historia de la provincia\u201d.<\/p>\n\n\n\n<p class=\"has-text-align-center\"><strong><a href=\"https:\/\/chat.whatsapp.com\/KWkTmakY3I05kNdd2oZl6d\"><em>\u00daNETE A NUESTRO GRUPO DE WHATSAPP PARA ESTAR INFORMADO<\/em><\/a><\/strong><\/p>\n\n\n\n<p class=\"has-text-align-center\"><strong><em><mark style=\"background-color:rgba(0, 0, 0, 0)\" class=\"has-inline-color has-vivid-red-color\"><a href=\"http:\/\/esreviral.com\/?p=80290\" data-type=\"link\" data-id=\"esreviral.com\/?p=80290\">Lea Tambi\u00e9n: El primer discurso de Javier Milei tras la derrota: \u201cHemos tenido un rev\u00e9s electoral y hay que aceptarlo\u201d<\/a><\/mark><\/em><\/strong><\/p>\n\n\n\n<p>En un tono m\u00e1s pol\u00edtico, celebr\u00f3 el resultado:<\/p>\n\n\n\n<blockquote class=\"wp-block-quote is-layout-flow wp-block-quote-is-layout-flow\">\n<p>\u201cS\u00e9 que nuestro pueblo la est\u00e1 pasando mal, muy mal, pero hoy podemos darnos esta alegr\u00eda necesaria. Ven\u00edamos a ponerle un freno a este gobierno de Milei, y ac\u00e1 estamos\u201d.<\/p>\n<\/blockquote>\n\n\n\n<p>Y agreg\u00f3:<\/p>\n\n\n\n<blockquote class=\"wp-block-quote is-layout-flow wp-block-quote-is-layout-flow\">\n<p>\u201cNos arrebataron recursos, nos atacaron e insultaron una y mil veces, pero nunca respondimos con agresi\u00f3n. Este triunfo demuestra que hab\u00eda otro camino posible. Es un triunfo de los bonaerenses para todo el pa\u00eds\u201d.<\/p>\n<\/blockquote>\n\n\n\n<p>Para Kicillof, el resultado obliga al Presidente a revisar su gesti\u00f3n:<\/p>\n\n\n\n<blockquote class=\"wp-block-quote is-layout-flow wp-block-quote-is-layout-flow\">\n<p>\u201cLos votos dejaron claro que no se pueden quitar recursos a las provincias. No se puede gobernar con odio, maltrato ni indiferencia. Milei, el pueblo te dio una orden: no pod\u00e9s gobernar para las corporaciones y los que m\u00e1s tienen. Escuch\u00e1 al pueblo. Como gobernador de la provincia donde vive el 40% de los argentinos, espero tu llamado. Ten\u00e9 el coraje y la valent\u00eda de trabajar juntos y ponernos de acuerdo\u201d.<\/p>\n<\/blockquote>\n\n\n\n<p>El mandatario tambi\u00e9n se refiri\u00f3 a las especulaciones sobre la econom\u00eda:<\/p>\n\n\n\n<blockquote class=\"wp-block-quote is-layout-flow wp-block-quote-is-layout-flow\">\n<p>\u201cAlgunos dicen que este triunfo es para desestabilizar. No, los que est\u00e1n desestabilizando la econom\u00eda no est\u00e1n en este escenario: est\u00e1n en el gobierno nacional\u201d.<\/p>\n<\/blockquote>\n\n\n\n<p>Kicillof subray\u00f3 la magnitud de la victoria:<\/p>\n\n\n\n<blockquote class=\"wp-block-quote is-layout-flow wp-block-quote-is-layout-flow\">\n<p>\u201cDec\u00edan que la provincia se iba a pintar de violeta, pero ganamos con 13 puntos de diferencia, 99 municipios y 6 de las 8 secciones electorales. Fue una elecci\u00f3n contundente que marca que hay otro camino, y hoy empezamos a recorrerlo\u201d.<\/p>\n<\/blockquote>\n\n\n\n<p>Finalmente, concluy\u00f3:<\/p>\n\n\n\n<blockquote class=\"wp-block-quote is-layout-flow wp-block-quote-is-layout-flow\">\n<p>\u201cLa democracia ante todo. Basta de acusar al peronismo de no ser democr\u00e1tico. C\u00f3rtenla: democracia, paz y peronismo\u201d.<\/p>\n<\/blockquote>\n\n\n\n<h3 class=\"wp-block-heading\"><strong><mark style=\"background-color:rgba(0, 0, 0, 0)\" class=\"has-inline-color has-vivid-red-color\">El mensaje de Cristina Kirchner<\/mark><\/strong><\/h3>\n\n\n\n<p>Antes del discurso de Kicillof, la expresidenta <strong>Cristina Fern\u00e1ndez de Kirchner<\/strong> particip\u00f3 mediante un audio grabado:<\/p>\n\n\n\n<p>\u201cQuiero enviar un saludo al pueblo de mi querida provincia. Hoy, con mucha responsabilidad democr\u00e1tica, le pusieron un l\u00edmite a un Presidente que no entiende que debe gobernar para todos\u201d, dijo.<\/p>\n\n\n\n<p>La exvicepresidenta a\u00f1adi\u00f3:<\/p>\n\n\n\n<blockquote class=\"wp-block-quote is-layout-flow wp-block-quote-is-layout-flow\">\n<p>\u201cEspero que este pronunciamiento popular le permita comprender que no se puede ejercer el poder de la forma en que lo hace. Ruego a Dios que le d\u00e9 serenidad y sabidur\u00eda. Felicito a los candidatos, militantes, fiscales e intendentes. Tambi\u00e9n a Axel, a Sergio, a Juan y a M\u00e1ximo, que me acompa\u00f1a en San Jos\u00e9 1111\u201d.<\/p>\n<\/blockquote>\n\n\n\n<p>Cristina cerr\u00f3 con un mensaje de compromiso:<\/p>\n\n\n\n<blockquote class=\"wp-block-quote is-layout-flow wp-block-quote-is-layout-flow\">\n<p>\u201cEste triunfo nos llena de orgullo, pero tambi\u00e9n de responsabilidad. Saludos a todos y todas\u201d.<\/p>\n<\/blockquote>\n\n\n\n<p class=\"has-text-align-center\"><em><strong><em><strong><em><strong><em><strong><a href=\"https:\/\/t.me\/esreviral\">\u00daNETE A NUESTRO CANAL DE TELEGRAM PARA ESTAR INFORMADO<\/a><\/strong><\/em><\/strong><\/em><\/strong><\/em><\/strong><\/em><\/p>\n\n\n\n<p class=\"has-text-align-center\"><strong><em><a href=\"http:\/\/esreviral.com\/?p=80281\" data-type=\"link\" data-id=\"esreviral.com\/?p=80281\"><mark style=\"background-color:rgba(0, 0, 0, 0)\" class=\"has-inline-color has-vivid-red-color\">Lea tambi\u00e9n: El mensaje de Cristina Kirchner sobre el resultado electoral: \u201cSal\u00ed de la burbuja Milei, se est\u00e1 poniendo heavy\u201d<\/mark><\/a><\/em><\/strong><\/p>\n\n\n\n<p class=\"has-text-align-right\"><strong><em>Con Informaci\u00f3n de LN.-<\/em><\/strong><\/p>\n\n\n\n<p><\/p>\n","protected":false},"excerpt":{"rendered":"<p>Pasadas las 22 y con los resultados publicados casi en su totalidad, el gobernador de la provincia de Buenos Aires habl\u00f3 ante los medios en la sede de Fuerza Patria.<\/p>\n","protected":false},"author":3,"featured_media":80299,"comment_status":"closed","ping_status":"closed","sticky":false,"template":"","format":"standard","meta":{"jnews-multi-image_gallery":[],"jnews_single_post":{"format":"standard"},"jnews_primary_category":[],"jnews_social_meta":[],"jnews_review":[],"enable_review":"","type":"","name":"","summary":"","brand":"","sku":"","good":[],"bad":[],"score_override":"","override_value":"","rating":[],"price":[],"jnews_override_counter":[],"jnews_post_split":[],"footnotes":""},"categories":[58,59],"tags":[44,888,35433,11982,45],"class_list":["post-80298","post","type-post","status-publish","format-standard","has-post-thumbnail","hentry","category-argentina","category-politica","tag-argentina","tag-axel-kicillof","tag-fuerza-patria","tag-la-libertad-avanza","tag-noticias"],"_links":{"self":[{"href":"https:\/\/esreviral.com\/index.php?rest_route=\/wp\/v2\/posts\/80298","targetHints":{"allow":["GET"]}}],"collection":[{"href":"https:\/\/esreviral.com\/index.php?rest_route=\/wp\/v2\/posts"}],"about":[{"href":"https:\/\/esreviral.com\/index.php?rest_route=\/wp\/v2\/types\/post"}],"author":[{"embeddable":true,"href":"https:\/\/esreviral.com\/index.php?rest_route=\/wp\/v2\/users\/3"}],"replies":[{"embeddable":true,"href":"https:\/\/esreviral.com\/index.php?rest_route=%2Fwp%2Fv2%2Fcomments&post=80298"}],"version-history":[{"count":4,"href":"https:\/\/esreviral.com\/index.php?rest_route=\/wp\/v2\/posts\/80298\/revisions"}],"predecessor-version":[{"id":80309,"href":"https:\/\/esreviral.com\/index.php?rest_route=\/wp\/v2\/posts\/80298\/revisions\/80309"}],"wp:featuredmedia":[{"embeddable":true,"href":"https:\/\/esreviral.com\/index.php?rest_route=\/wp\/v2\/media\/80299"}],"wp:attachment":[{"href":"https:\/\/esreviral.com\/index.php?rest_route=%2Fwp%2Fv2%2Fmedia&parent=80298"}],"wp:term":[{"taxonomy":"category","embeddable":true,"href":"https:\/\/esreviral.com\/index.php?rest_route=%2Fwp%2Fv2%2Fcategories&post=80298"},{"taxonomy":"post_tag","embeddable":true,"href":"https:\/\/esreviral.com\/index.php?rest_route=%2Fwp%2Fv2%2Ftags&post=80298"}],"curies":[{"name":"wp","href":"https:\/\/api.w.org\/{rel}","templated":true}]}}