{"id":8024,"date":"2021-07-01T19:24:59","date_gmt":"2021-07-01T22:24:59","guid":{"rendered":"http:\/\/esreviral.com\/?p=8024"},"modified":"2021-07-01T19:24:59","modified_gmt":"2021-07-01T22:24:59","slug":"medicos-venezolanos-pidieron-audiencia-presidencial-para-acelerar-convalidacion","status":"publish","type":"post","link":"https:\/\/esreviral.com\/?p=8024","title":{"rendered":"M\u00e9dicos venezolanos pidieron audiencia presidencial para acelerar convalidaci\u00f3n"},"content":{"rendered":"\n<p><strong><em>Carlos Iv\u00e1n Su\u00e1rez.- <\/em><\/strong>Miembros de la Asociaci\u00f3n de M\u00e9dicos Venezolanos en Argentina (Asomevenar) fueron hasta la Casa Rosada donde entregaron una solicitud para una audiencia con el presidente Alberto Fern\u00e1ndez y exponer los casos de sus colegas, de los cuales 460 de ellos est\u00e1n trabajando desde hace m\u00e1s de un a\u00f1o pero no han convalidados sus t\u00edtulos. <\/p>\n\n\n\n<p>En 10 d\u00edas les dar\u00e1n respuesta de su solicitud, inform\u00f3 David Riveiro, quien es uno de los miembros de la asociaci\u00f3n y explic\u00f3 que desde el a\u00f1o pasado, 460 m\u00e9dicos venezolanos ejercen en distintas partes del pa\u00eds gracias aun decreto presidencial pero a fin de a\u00f1o, en lo que termine el decreto ellos quedar\u00e1n sin empleo. <\/p>\n\n\n\n<figure class=\"wp-block-image size-large is-resized\"><img decoding=\"async\" src=\"https:\/\/esreviral.com\/wp-content\/uploads\/2021\/07\/IMG_7228-edited-scaled.jpg\" alt=\"\" class=\"wp-image-8028\" width=\"611\" height=\"458.25\"\/><figcaption>Despu\u00e9s de la Casa Rosada se fueron a los Ministerios de Educaci\u00f3n y Salud<\/figcaption><\/figure>\n\n\n\n<p>\u00abQueremos una reuni\u00f3n con el ejecutivo para solventar esta problem\u00e1tica\u00bb, asegur\u00f3 el m\u00e9dico quien estaba acompa\u00f1ado por sus colegas y posteriormente se dirigieron a los ministerios de educaci\u00f3n y de salud.  <\/p>\n\n\n\n<p>De los m\u00e1s de 1700 galenos, son aproximadamente 800 los que ya est\u00e1n convalidados y han ejercido su profesi\u00f3n legalmente. \u00abM\u00e1s de 200 expendientes se encuentran estancados desde hace m\u00e1s de un a\u00f1o porque el Ministerio de Educaci\u00f3n no los ha enviado a la universidad. No pedimos que se regale un t\u00edtulo o una matr\u00edcula queremos es que se le de celeridad al proceso\u00bb; explic\u00f3 Carlos Figuera, miembro de Asomevenar.<\/p>\n\n\n\n<figure class=\"wp-block-image size-large\"><img decoding=\"async\" src=\"https:\/\/esreviral.com\/wp-content\/uploads\/2021\/07\/IMG_7230-1024x768.jpg\" alt=\"\" class=\"wp-image-8029\"\/><figcaption>Carlos Fguera, junto a Indira Acosta y David Riveiro<\/figcaption><\/figure>\n\n\n\n<p><strong><span style=\"background-color:#9a1b22\" class=\"td_text_highlight_marker\">Rechazo a la vacuna en Venezuela<\/span><\/strong><\/p>\n\n\n\n<p>Por otra parte, la presidenta de la asociaci\u00f3n, Indira Acosta, fue categ\u00f3rica al rechazar que el r\u00e9gimen de Nicol\u00e1s Maduro, pretenda vacunar a los venezolanos con la Abdal\u00e1, la cual no ha sido aprobada por la Organizaci\u00f3n Mundial de la Salud. <\/p>\n\n\n\n<p>Tambi\u00e9n inform\u00f3 que se recolectaron m\u00e1s de 10 mil firmas digitales en apoyo a la convalidaci\u00f3n de los m\u00e1s de 2500 profesionales de la salud venezolanos que residen en Argentina. <\/p>\n","protected":false},"excerpt":{"rendered":"<p>Informaron que se recolectaron m\u00e1s de 10 mil firmas digitales en apoyo a la convalidaci\u00f3n de los m\u00e1s de 2500 profesionales de la salud venezolanos que residen en Argentina<\/p>\n","protected":false},"author":2,"featured_media":8025,"comment_status":"open","ping_status":"open","sticky":false,"template":"","format":"standard","meta":{"jnews-multi-image_gallery":[],"jnews_single_post":[],"jnews_primary_category":[],"jnews_social_meta":[],"jnews_review":[],"enable_review":"","type":"","name":"","summary":"","brand":"","sku":"","good":[],"bad":[],"score_override":"","override_value":"","rating":[],"price":[],"jnews_override_counter":[],"jnews_post_split":[],"footnotes":""},"categories":[58],"tags":[144,45,873],"class_list":["post-8024","post","type-post","status-publish","format-standard","has-post-thumbnail","hentry","category-argentina","tag-medicos-venezolanos","tag-noticias","tag-profesionales-de-la-salud"],"amp_enabled":true,"_links":{"self":[{"href":"https:\/\/esreviral.com\/index.php?rest_route=\/wp\/v2\/posts\/8024"}],"collection":[{"href":"https:\/\/esreviral.com\/index.php?rest_route=\/wp\/v2\/posts"}],"about":[{"href":"https:\/\/esreviral.com\/index.php?rest_route=\/wp\/v2\/types\/post"}],"author":[{"embeddable":true,"href":"https:\/\/esreviral.com\/index.php?rest_route=\/wp\/v2\/users\/2"}],"replies":[{"embeddable":true,"href":"https:\/\/esreviral.com\/index.php?rest_route=%2Fwp%2Fv2%2Fcomments&post=8024"}],"version-history":[{"count":0,"href":"https:\/\/esreviral.com\/index.php?rest_route=\/wp\/v2\/posts\/8024\/revisions"}],"wp:featuredmedia":[{"embeddable":true,"href":"https:\/\/esreviral.com\/index.php?rest_route=\/"}],"wp:attachment":[{"href":"https:\/\/esreviral.com\/index.php?rest_route=%2Fwp%2Fv2%2Fmedia&parent=8024"}],"wp:term":[{"taxonomy":"category","embeddable":true,"href":"https:\/\/esreviral.com\/index.php?rest_route=%2Fwp%2Fv2%2Fcategories&post=8024"},{"taxonomy":"post_tag","embeddable":true,"href":"https:\/\/esreviral.com\/index.php?rest_route=%2Fwp%2Fv2%2Ftags&post=8024"}],"curies":[{"name":"wp","href":"https:\/\/api.w.org\/{rel}","templated":true}]}}