{"id":8021,"date":"2021-07-01T17:46:07","date_gmt":"2021-07-01T20:46:07","guid":{"rendered":"http:\/\/esreviral.com\/?p=8021"},"modified":"2021-07-01T17:46:07","modified_gmt":"2021-07-01T20:46:07","slug":"detuvieron-a-un-sujeto-acusado-de-asesinar-y-descuartizar-a-un-venezolano-en-peru","status":"publish","type":"post","link":"https:\/\/esreviral.com\/?p=8021","title":{"rendered":"Detuvieron a un sujeto acusado de asesinar y descuartizar a un venezolano en Per\u00fa"},"content":{"rendered":"\n<p>Miguel \u00c1ngel Camacho Guevara, delincuente acusado de\u00a0<strong>secuestrar, asesinar y descuartizar a un migrante venezolano<\/strong>, fue detenido en San Mart\u00edn de Porres, en Per\u00fa. Funcionarios de la Brigada contra la Criminalidad Extranjera de la Direcci\u00f3n de Investigaci\u00f3n Criminal lograron la captura luego de siete meses de b\u00fasqueda.<\/p>\n\n\n\n<p>Los oficiales, de acuerdo con la informaci\u00f3n publicada por&nbsp;<em><a href=\"https:\/\/peru21.pe\/lima\/smp-cae-cabecilla-de-banda-criminal-que-secuestro-asesino-y-descuartizo-a-un-extranjero-nndc-noticia\/?ref=p21r\">Per\u00fa21<\/a><\/em>, le incautaron al sujeto&nbsp;<strong>armas de fuego, municiones y un chaleco<\/strong>&nbsp;con el logotipo y escudo de la Polic\u00eda Nacional de ese pa\u00eds. En el momento de la aprehensi\u00f3n, se trasladaba en una moto por la avenida Ang\u00e9lica Gamarra.<\/p>\n\n\n\n<p>La polic\u00eda identifica a alias Coco como el cabecilla de la banda los Fr\u00edvolos de Lima Norte.<\/p>\n\n\n\n<figure class=\"wp-block-image\" id=\"attachment_715796\"><img decoding=\"async\" src=\"https:\/\/cdn.elnacional.com\/wp-content\/uploads\/2021\/07\/incautado-miguel-angel-camacho-guevara.jpg\" alt=\"Capturaron a un delincuente acusado de asesinar y descuartizar a un venezolano en Per\u00fa\" class=\"wp-image-715796\"\/><figcaption>Polic\u00eda Nacional de Per\u00fa<\/figcaption><\/figure>\n\n\n\n<p>El sujeto dirigi\u00f3 el 19 de octubre del a\u00f1o pasado el secuestro de<strong>&nbsp;Arnold Andr\u00e9s Villavicencio Zabaleta<\/strong>, de 24 a\u00f1os de edad, y junto con sus c\u00f3mplices lo asesin\u00f3 y descuartiz\u00f3 el mismo d\u00eda. Los delincuentes abandonaron en bolsas los restos de la v\u00edctima en la localidad de Puente Piedra.<\/p>\n\n\n\n<p>Un mes despu\u00e9s del asesinato, funcionarios policiales capturaron a Javier Juan Asencio Romero, alias el Gordo, quien revel\u00f3 los detalles del suceso.<strong>&nbsp;El hombre delat\u00f3 a Coco como el autor intelectual del asesinato<\/strong>.<\/p>\n\n\n\n<p>Las autoridades hallaron, durante el allanamiento en la residencia del Coco, en la localidad del Callao, una pistola ametralladora tipo Uzi, una pistola Glock, una pistola sin marca, tres placas de protecci\u00f3n bal\u00edstica. Tambi\u00e9n 49 cartuchos calibre 45, 49 balas calibre 9 mm, 2 cascos de motociclista, un bolso de delivery y droga.<\/p>\n\n\n\n<p class=\"has-text-align-right\"><strong><em>El Nacional.-<\/em><\/strong><\/p>\n","protected":false},"excerpt":{"rendered":"<p>Los oficiales le incautaron al sujeto armas de fuego, municiones y un chaleco con el logotipo y escudo de la Polic\u00eda Nacional. En el momento de la aprehensi\u00f3n, se trasladaba en una moto por la avenida Ang\u00e9lica Gamarra<\/p>\n","protected":false},"author":2,"featured_media":8022,"comment_status":"open","ping_status":"open","sticky":false,"template":"","format":"standard","meta":{"jnews-multi-image_gallery":[],"jnews_single_post":[],"jnews_primary_category":[],"jnews_social_meta":[],"jnews_review":[],"enable_review":"","type":"","name":"","summary":"","brand":"","sku":"","good":[],"bad":[],"score_override":"","override_value":"","rating":[],"price":[],"jnews_override_counter":[],"jnews_post_split":[],"footnotes":""},"categories":[88,64],"tags":[45,560],"class_list":["post-8021","post","type-post","status-publish","format-standard","has-post-thumbnail","hentry","category-internacionales","category-sucesos","tag-noticias","tag-venezolanos-en-peru"],"amp_enabled":true,"_links":{"self":[{"href":"https:\/\/esreviral.com\/index.php?rest_route=\/wp\/v2\/posts\/8021"}],"collection":[{"href":"https:\/\/esreviral.com\/index.php?rest_route=\/wp\/v2\/posts"}],"about":[{"href":"https:\/\/esreviral.com\/index.php?rest_route=\/wp\/v2\/types\/post"}],"author":[{"embeddable":true,"href":"https:\/\/esreviral.com\/index.php?rest_route=\/wp\/v2\/users\/2"}],"replies":[{"embeddable":true,"href":"https:\/\/esreviral.com\/index.php?rest_route=%2Fwp%2Fv2%2Fcomments&post=8021"}],"version-history":[{"count":0,"href":"https:\/\/esreviral.com\/index.php?rest_route=\/wp\/v2\/posts\/8021\/revisions"}],"wp:featuredmedia":[{"embeddable":true,"href":"https:\/\/esreviral.com\/index.php?rest_route=\/"}],"wp:attachment":[{"href":"https:\/\/esreviral.com\/index.php?rest_route=%2Fwp%2Fv2%2Fmedia&parent=8021"}],"wp:term":[{"taxonomy":"category","embeddable":true,"href":"https:\/\/esreviral.com\/index.php?rest_route=%2Fwp%2Fv2%2Fcategories&post=8021"},{"taxonomy":"post_tag","embeddable":true,"href":"https:\/\/esreviral.com\/index.php?rest_route=%2Fwp%2Fv2%2Ftags&post=8021"}],"curies":[{"name":"wp","href":"https:\/\/api.w.org\/{rel}","templated":true}]}}