{"id":8015,"date":"2021-07-01T16:47:14","date_gmt":"2021-07-01T19:47:14","guid":{"rendered":"http:\/\/esreviral.com\/?p=8015"},"modified":"2021-07-01T16:47:14","modified_gmt":"2021-07-01T19:47:14","slug":"venezolanos-en-el-exterior-se-unieron-para-equipar-un-hospital-en-el-estado-lara","status":"publish","type":"post","link":"https:\/\/esreviral.com\/?p=8015","title":{"rendered":"Venezolanos en el exterior se unieron para equipar un hospital en el estado Lara"},"content":{"rendered":"\n<p>Un grupo de venezolanos en Chile, Panam\u00e1, Ecuador, Colombia, Estados Unidos y Espa\u00f1a, se unieron para adquirir implementos m\u00e9dicos y de esa manera dotar el Hospital de Sarare, en el estado Lara, al centroccidente de Venezuela, el cual funciona como centro de centinela y est\u00e1 desabastecido. <\/p>\n\n\n\n<p>En los \u00faltimos d\u00edas el \u00edndice de contagios y fallecidos por coronavirus en el municipio Sim\u00f3n Planas va en aumento, por lo que estas personas, quienes son oriundas de la localidad decidieron unir esfuerzo y fue el padre Omar Guti\u00e9rrez, p\u00e1rroco del municipio y miembro de C\u00e1ritas, quien se encarg\u00f3 de hacer la donaci\u00f3n. <\/p>\n\n\n\n<p>El objetivo se logr\u00f3 y compraron cuatro unidades CPAP con sus m\u00e1scarillas, 15 mascarillas para CPAP, y medicinas entre ellas antibi\u00f3tico y anticoagulantes.<\/p>\n\n\n\n<p>La meta de recaudaci\u00f3n era de 4.000 d\u00f3lares, los cuales se superaron. en una semana de recaudaci\u00f3n. <\/p>\n\n\n\n<p>Es importante mencionar que los fondos fueron colectados en cada una de la cuentas bancarias autorizadas en cada pa\u00eds, de all\u00ed se enviaron a Colombia para la compra de equipos, manejo log\u00edstico de transporte y env\u00edo, mientras que la otra parte a la cuenta en USA para la compra de medicinas.<\/p>\n\n\n\n<p>En cada pa\u00eds hubo un responsable que se encarg\u00f3 de la recaudaci\u00f3n:En Venezuela: Roxana Gil, Wilder Reinoso y Angel Ledezma; en Per\u00fa: Jos\u00e9 Ag\u00fcero y Luis Vizcaya; en Chile: Nellys Sandoval y Alvaro P\u00e9rez; Estados Unidos: Leonardo Casamayor y Victor M\u00e9ndez; Ecuador: Johimar Burgos; Colombia: Marianceli Subero y Celia Camacho; Espa\u00f1a: Brenda Montilla y Sorangel Ledezma y en Panam\u00e1: Angel P\u00e9rez<\/p>\n\n\n\n<p>As\u00ed mismo se ha creado una p\u00e1gina web donde se resume lo que se ha entregado y por si otras personas desean unirse. <br><a href=\"https:\/\/miscmisc0611.wixsite.com\/unidospodemos\">https:\/\/miscmisc0611.wixsite.com\/unidospodemos<\/a><\/p>\n\n\n\n<figure class=\"wp-block-embed-twitter wp-block-embed is-type-rich is-provider-twitter\"><div class=\"wp-block-embed__wrapper\">\n<blockquote class=\"twitter-tweet\" data-width=\"500\" data-dnt=\"true\"><p lang=\"es\" dir=\"ltr\">Un grupo de venezolanos en el exterior, reuni\u00f3 dinero y adquiri\u00f3 implementos m\u00e9dicos para dotar un hospital del estado <a href=\"https:\/\/twitter.com\/hashtag\/Lara?src=hash&amp;ref_src=twsrc%5Etfw\">#Lara<\/a> <a href=\"https:\/\/t.co\/Pm7hnTtHMI\">pic.twitter.com\/Pm7hnTtHMI<\/a><\/p>&mdash; ES RE VIRAL (@esreviral) <a href=\"https:\/\/twitter.com\/esreviral\/status\/1410683606553538569?ref_src=twsrc%5Etfw\">July 1, 2021<\/a><\/blockquote><script async src=\"https:\/\/platform.twitter.com\/widgets.js\" charset=\"utf-8\"><\/script>\n<\/div><\/figure>\n\n\n\n<p><br><\/p>\n","protected":false},"excerpt":{"rendered":"<p>La meta de recaudaci\u00f3n era de 4.000 d\u00f3lares, los cuales se superaron. en una semana de recaudaci\u00f3n<\/p>\n","protected":false},"author":2,"featured_media":8016,"comment_status":"open","ping_status":"open","sticky":false,"template":"","format":"standard","meta":{"jnews-multi-image_gallery":[],"jnews_single_post":[],"jnews_primary_category":[],"jnews_social_meta":[],"jnews_review":[],"enable_review":"","type":"","name":"","summary":"","brand":"","sku":"","good":[],"bad":[],"score_override":"","override_value":"","rating":[],"price":[],"jnews_override_counter":[],"jnews_post_split":[],"footnotes":""},"categories":[54,66],"tags":[645,872,45,934],"class_list":["post-8015","post","type-post","status-publish","format-standard","has-post-thumbnail","hentry","category-inmigracion","category-venezuela","tag-ayuda","tag-colaboracion","tag-noticias","tag-venezolanos-por-el-mundo"],"_links":{"self":[{"href":"https:\/\/esreviral.com\/index.php?rest_route=\/wp\/v2\/posts\/8015","targetHints":{"allow":["GET"]}}],"collection":[{"href":"https:\/\/esreviral.com\/index.php?rest_route=\/wp\/v2\/posts"}],"about":[{"href":"https:\/\/esreviral.com\/index.php?rest_route=\/wp\/v2\/types\/post"}],"author":[{"embeddable":true,"href":"https:\/\/esreviral.com\/index.php?rest_route=\/wp\/v2\/users\/2"}],"replies":[{"embeddable":true,"href":"https:\/\/esreviral.com\/index.php?rest_route=%2Fwp%2Fv2%2Fcomments&post=8015"}],"version-history":[{"count":0,"href":"https:\/\/esreviral.com\/index.php?rest_route=\/wp\/v2\/posts\/8015\/revisions"}],"wp:featuredmedia":[{"embeddable":true,"href":"https:\/\/esreviral.com\/index.php?rest_route=\/"}],"wp:attachment":[{"href":"https:\/\/esreviral.com\/index.php?rest_route=%2Fwp%2Fv2%2Fmedia&parent=8015"}],"wp:term":[{"taxonomy":"category","embeddable":true,"href":"https:\/\/esreviral.com\/index.php?rest_route=%2Fwp%2Fv2%2Fcategories&post=8015"},{"taxonomy":"post_tag","embeddable":true,"href":"https:\/\/esreviral.com\/index.php?rest_route=%2Fwp%2Fv2%2Ftags&post=8015"}],"curies":[{"name":"wp","href":"https:\/\/api.w.org\/{rel}","templated":true}]}}