{"id":80120,"date":"2025-09-04T06:45:59","date_gmt":"2025-09-04T11:45:59","guid":{"rendered":"https:\/\/esreviral.com\/?p=80120"},"modified":"2025-09-04T06:46:00","modified_gmt":"2025-09-04T11:46:00","slug":"administracion-trump-cancelo-el-tps-de-2021-para-mas-de-268-000-venezolanos-los-exhorto-a-autodeportarse","status":"publish","type":"post","link":"https:\/\/esreviral.com\/?p=80120","title":{"rendered":"Administraci\u00f3n Trump cancel\u00f3 el TPS de 2021 para m\u00e1s de 268.000 venezolanos, los exhort\u00f3 a autodeportarse"},"content":{"rendered":"\n<p>La administraci\u00f3n del presidente de Estados Unidos, <strong>Donald Trump<\/strong>, anunci\u00f3 este mi\u00e9rcoles 3 de septiembre la <strong>cancelaci\u00f3n del Estatus de Protecci\u00f3n Temporal (TPS, por sus siglas en ingl\u00e9s)<\/strong> <strong>otorgado en 2021 <\/strong>a m\u00e1s de <strong>268.000 venezolanos<\/strong> que residen en el pa\u00eds.<\/p>\n\n\n\n<p>La medida entrar\u00e1 en vigor el <strong>10 de septiembre de 2025<\/strong> y significar\u00e1 que miles de personas perder\u00e1n su permiso legal para vivir y trabajar en EE. UU., quedando expuestas a procesos de deportaci\u00f3n. Seg\u00fan el aviso oficial, la terminaci\u00f3n ser\u00e1 efectiva 60 d\u00edas despu\u00e9s de su publicaci\u00f3n en el Registro Federal.<\/p>\n\n\n\n<p class=\"has-text-align-center\"><strong><a href=\"https:\/\/chat.whatsapp.com\/KWkTmakY3I05kNdd2oZl6d\"><em>\u00daNETE A NUESTRO GRUPO DE WHATSAPP PARA ESTAR INFORMADO<\/em><\/a><\/strong><\/p>\n\n\n\n<blockquote class=\"wp-block-quote is-layout-flow wp-block-quote-is-layout-flow\">\n<p>\u201cDado el importante papel de Venezuela en el impulso de la migraci\u00f3n irregular y el claro efecto de atracci\u00f3n que genera el TPS, mantener o ampliar esta medida socava directamente los esfuerzos de la Administraci\u00f3n Trump por asegurar nuestra frontera sur y gestionar la migraci\u00f3n eficazmente\u201d, se\u00f1al\u00f3 <strong>Matthew Tragesser<\/strong>, portavoz del Servicio de Ciudadan\u00eda e Inmigraci\u00f3n (USCIS).<\/p>\n<\/blockquote>\n\n\n\n<p>Tragesser agreg\u00f3: <em>\u201cAl sopesar la seguridad p\u00fablica, la seguridad nacional, los factores migratorios, la pol\u00edtica migratoria, las consideraciones econ\u00f3micas y la pol\u00edtica exterior, es evidente que permitir que los ciudadanos venezolanos permanezcan temporalmente en Estados Unidos no beneficia al pa\u00eds\u201d<\/em>.<\/p>\n\n\n\n<h3 class=\"wp-block-heading\"><strong><mark style=\"background-color:rgba(0, 0, 0, 0)\" class=\"has-inline-color has-vivid-red-color\">\u201cContrario al inter\u00e9s nacional\u201d<\/mark><\/strong><\/h3>\n\n\n\n<p>La secretaria de Seguridad Nacional, <strong>Kristi Noem<\/strong>, determin\u00f3 \u2014tras consultas con el Departamento de Estado y otras agencias\u2014 que las condiciones en Venezuela ya no cumplen con los criterios legales del TPS. Concluy\u00f3 que <strong>mantener esta designaci\u00f3n resulta \u201ccontrario al inter\u00e9s nacional\u201d<\/strong>.<\/p>\n\n\n\n<p>Cabe recordar que Venezuela contaba con dos designaciones de TPS: la primera, vigente desde 2021 y ahora cancelada, y la segunda, otorgada en 2023, que la administraci\u00f3n Trump ya hab\u00eda puesto fin en abril pasado.<\/p>\n\n\n\n<h3 class=\"wp-block-heading\"><strong><mark style=\"background-color:rgba(0, 0, 0, 0)\" class=\"has-inline-color has-vivid-red-color\">Impacto en la comunidad venezolana<\/mark><\/strong><\/h3>\n\n\n\n<p>La decisi\u00f3n supone no solo un <strong>golpe legal<\/strong>, sino tambi\u00e9n <strong>emocional y econ\u00f3mico<\/strong> para miles de familias que han construido una vida en EE. UU. desde que se les otorg\u00f3 esta protecci\u00f3n.<\/p>\n\n\n\n<p>Seg\u00fan datos de <em>Fox News<\/em>, quedar\u00e1n anuladas <strong>3.738 solicitudes iniciales<\/strong> y <strong>102.935 renovaciones<\/strong> de TPS que estaban en proceso.<\/p>\n\n\n\n<h3 class=\"wp-block-heading\"><strong><mark style=\"background-color:rgba(0, 0, 0, 0)\" class=\"has-inline-color has-vivid-red-color\">Llamado a la \u201cautodeportaci\u00f3n\u201d<\/mark><\/strong><\/h3>\n\n\n\n<p>El gobierno estadounidense inst\u00f3 a los beneficiarios del TPS a <strong>\u201cautodeportarse\u201d<\/strong> y recomend\u00f3 el uso de la aplicaci\u00f3n m\u00f3vil <strong>CBP Home<\/strong>, de Aduanas y Protecci\u00f3n Fronteriza (CBP), para registrar su salida del pa\u00eds.<\/p>\n\n\n\n<p>El comunicado oficial detalla que quienes utilicen esta v\u00eda recibir\u00e1n un <strong>boleto de avi\u00f3n de cortes\u00eda<\/strong>, un <strong>bono de salida de 1.000 d\u00f3lares<\/strong> y, eventualmente, <strong>posibles oportunidades futuras de inmigraci\u00f3n legal<\/strong>.<\/p>\n\n\n\n<h3 class=\"wp-block-heading\"><strong><mark style=\"background-color:rgba(0, 0, 0, 0)\" class=\"has-inline-color has-vivid-red-color\">Antecedentes de seguridad<\/mark><\/strong><\/h3>\n\n\n\n<p>La decisi\u00f3n llega luego de que la Oficina Federal de Investigaciones (FBI) advirtiera que algunos funcionarios venezolanos habr\u00edan <strong>facilitado la migraci\u00f3n de miembros del grupo criminal Tren de Aragua<\/strong> hacia Estados Unidos, seg\u00fan el citado medio.<\/p>\n\n\n\n<p class=\"has-text-align-center\"><em><strong><em><strong><em><strong><em><strong><a href=\"https:\/\/t.me\/esreviral\">\u00daNETE A NUESTRO CANAL DE TELEGRAM PARA ESTAR INFORMADO<\/a><\/strong><\/em><\/strong><\/em><\/strong><\/em><\/strong><\/em><\/p>\n\n\n\n<p class=\"has-text-align-right\"><strong><em>Con Informaci\u00f3n de caraotadigital.net.-<\/em><\/strong><\/p>\n","protected":false},"excerpt":{"rendered":"<p>El Departamento de Seguridad Nacional anunci\u00f3 este mi\u00e9rcoles \u00abla finalizaci\u00f3n de la designaci\u00f3n en 2021 del Estatus de Protecci\u00f3n Temporal (TPS) para Venezuela, que expirar\u00e1 el 10 de septiembre de 2025\u00bb, por considerarlo \u00abcontrario al inter\u00e9s nacional\u00bb. La terminaci\u00f3n ser\u00e1 efectiva 60 d\u00edas despu\u00e9s de la publicaci\u00f3n del aviso del Registro Federal.<\/p>\n","protected":false},"author":3,"featured_media":80121,"comment_status":"closed","ping_status":"closed","sticky":false,"template":"","format":"standard","meta":{"jnews-multi-image_gallery":[],"jnews_single_post":{"format":"standard"},"jnews_primary_category":[],"jnews_social_meta":[],"jnews_review":[],"enable_review":"","type":"","name":"","summary":"","brand":"","sku":"","good":[],"bad":[],"score_override":"","override_value":"","rating":[],"price":[],"jnews_override_counter":[],"jnews_post_split":[],"footnotes":""},"categories":[54,88,59],"tags":[136,45,628,2162,725],"class_list":["post-80120","post","type-post","status-publish","format-standard","has-post-thumbnail","hentry","category-inmigracion","category-internacionales","category-politica","tag-estados-unidos","tag-noticias","tag-tps","tag-venezolanos","tag-venezolanos-en-estados-unidos"],"_links":{"self":[{"href":"https:\/\/esreviral.com\/index.php?rest_route=\/wp\/v2\/posts\/80120","targetHints":{"allow":["GET"]}}],"collection":[{"href":"https:\/\/esreviral.com\/index.php?rest_route=\/wp\/v2\/posts"}],"about":[{"href":"https:\/\/esreviral.com\/index.php?rest_route=\/wp\/v2\/types\/post"}],"author":[{"embeddable":true,"href":"https:\/\/esreviral.com\/index.php?rest_route=\/wp\/v2\/users\/3"}],"replies":[{"embeddable":true,"href":"https:\/\/esreviral.com\/index.php?rest_route=%2Fwp%2Fv2%2Fcomments&post=80120"}],"version-history":[{"count":1,"href":"https:\/\/esreviral.com\/index.php?rest_route=\/wp\/v2\/posts\/80120\/revisions"}],"predecessor-version":[{"id":80122,"href":"https:\/\/esreviral.com\/index.php?rest_route=\/wp\/v2\/posts\/80120\/revisions\/80122"}],"wp:featuredmedia":[{"embeddable":true,"href":"https:\/\/esreviral.com\/index.php?rest_route=\/wp\/v2\/media\/80121"}],"wp:attachment":[{"href":"https:\/\/esreviral.com\/index.php?rest_route=%2Fwp%2Fv2%2Fmedia&parent=80120"}],"wp:term":[{"taxonomy":"category","embeddable":true,"href":"https:\/\/esreviral.com\/index.php?rest_route=%2Fwp%2Fv2%2Fcategories&post=80120"},{"taxonomy":"post_tag","embeddable":true,"href":"https:\/\/esreviral.com\/index.php?rest_route=%2Fwp%2Fv2%2Ftags&post=80120"}],"curies":[{"name":"wp","href":"https:\/\/api.w.org\/{rel}","templated":true}]}}