{"id":80118,"date":"2025-09-04T06:32:40","date_gmt":"2025-09-04T11:32:40","guid":{"rendered":"https:\/\/esreviral.com\/?p=80118"},"modified":"2025-09-04T06:32:41","modified_gmt":"2025-09-04T11:32:41","slug":"identificaron-a-otras-dos-victimas-del-asesino-serial-de-jujuy-ya-son-cuatro-los-casos-confirmados","status":"publish","type":"post","link":"https:\/\/esreviral.com\/?p=80118","title":{"rendered":"Identificaron a otras dos v\u00edctimas del asesino serial de Jujuy: ya son cuatro los casos confirmados"},"content":{"rendered":"\n<p><strong>El fiscal Guillermo Beller<\/strong>, a cargo de la investigaci\u00f3n por la <strong>desaparici\u00f3n de varios hombres en Jujuy<\/strong>, confirm\u00f3 este mi\u00e9rcoles la identificaci\u00f3n de dos nuevas v\u00edctimas atribuidas al presunto asesino serial Mat\u00edas Jurado. Con estos casos, ya son cuatro las muertes confirmadas.<\/p>\n\n\n\n<p>En conferencia de prensa, Beller inform\u00f3 que las pruebas de ADN corresponden a <strong>Miguel \u00c1ngel Quispe (60)<\/strong>, desaparecido en junio, y <strong>Juan Jos\u00e9 Ponce (51)<\/strong>, conocido como <em>\u201cPeque\u00f1o Juan\u201d<\/em>, visto por \u00faltima vez en abril.<\/p>\n\n\n\n<p class=\"has-text-align-center\"><strong><a href=\"https:\/\/chat.whatsapp.com\/KWkTmakY3I05kNdd2oZl6d\"><em>\u00daNETE A NUESTRO GRUPO DE WHATSAPP PARA ESTAR INFORMADO<\/em><\/a><\/strong><\/p>\n\n\n\n<figure class=\"wp-block-image size-large\"><img decoding=\"async\" src=\"https:\/\/tn.com.ar\/resizer\/v2\/sergio-sosa-y-jorge-anachuri-las-primeras-dos-victimas-confirmadas-de-matias-jurado-foto-gentileza-todo-jujuy-2GQYYNALDVGODKVVD6F3KMSP4Y.png?auth=676a285116b17011059d972dd51ce39677fe14860adf7aee1e66cea5f1eb71f9&amp;width=1440\" alt=\"\"\/><figcaption class=\"wp-element-caption\">Sergio Sosa y Jorge Anachuri, las primeras dos v\u00edctimas confirmadas de Mat\u00edas Jurado.\u00a0<\/figcaption><\/figure>\n\n\n\n<blockquote class=\"wp-block-quote is-layout-flow wp-block-quote-is-layout-flow\">\n<p><\/p>\n\n\n\n<p>\u201c<strong><em>Hoy podemos confirmar que el cotejo de ADN dio positivo en los casos de Miguel \u00c1ngel Quispe y Juan Ponce. De esta manera, ya son cuatro las v\u00edctimas identificadas a partir de los perfiles gen\u00e9ticos encontrados en el domicilio del imputado<\/em><\/strong>\u201d, se\u00f1al\u00f3 el fiscal.<\/p>\n<\/blockquote>\n\n\n\n<p>Las primeras dos v\u00edctimas ya vinculadas a Jurado son <strong>Jorge Anachuri<\/strong> y <strong>Sergio Sosa<\/strong>. Con esta nueva evidencia, la Fiscal\u00eda ampliar\u00e1 la imputaci\u00f3n contra el acusado por <strong>homicidio agravado en cuatro casos<\/strong>, seg\u00fan inform\u00f3 el diario <em>Somos Jujuy<\/em>.<\/p>\n\n\n\n<p>Beller destac\u00f3 que cada avance refuerza la hip\u00f3tesis inicial: <em>\u201cDesde el primer momento entendimos que exist\u00eda un patr\u00f3n com\u00fan detr\u00e1s de estas desapariciones. Hoy, con cuatro ADN confirmados, tenemos evidencia s\u00f3lida para sostener la imputaci\u00f3n contra Jurado\u201d<\/em>.<\/p>\n\n\n\n<p>El fiscal advirti\u00f3 que podr\u00edan surgir m\u00e1s v\u00edctimas, ya que a\u00fan quedan perfiles gen\u00e9ticos por cotejar. En un mes de trabajo, el equipo realiz\u00f3 <strong>m\u00e1s de 100 entrevistas a testigos<\/strong>, analiz\u00f3 <strong>cerca de 100 c\u00e1maras de seguridad<\/strong> y proces\u00f3 <strong>unas 200 muestras biol\u00f3gicas<\/strong>, en su mayor\u00eda en el laboratorio de gen\u00e9tica forense del Ministerio P\u00fablico de la Acusaci\u00f3n (MPA).<\/p>\n\n\n\n<figure class=\"wp-block-image size-large\"><img decoding=\"async\" src=\"https:\/\/tn.com.ar\/resizer\/v2\/juan-jose-ponce-desaparecio-en-abril-foto-gentileza-diario-somos-jujuy-JDBM5XTVWVFCDBWQK6NNOMHJPA.jpg?auth=59ff3a3f13e09a4a9164b2bca32d15b48ab83f2b5f4aad2508e59082be32d220&amp;width=1440\" alt=\"\"\/><figcaption class=\"wp-element-caption\">Juan Jos\u00e9 Ponce desapareci\u00f3 en abril.\u00a0<\/figcaption><\/figure>\n\n\n\n<h3 class=\"wp-block-heading\"><strong><mark style=\"background-color:rgba(0, 0, 0, 0)\" class=\"has-inline-color has-vivid-red-color\">C\u00f3mo fueron identificadas las v\u00edctimas<\/mark><\/strong><\/h3>\n\n\n\n<p>La bioqu\u00edmica <strong>Mar\u00eda Ramella<\/strong>, integrante del equipo del MPA, detall\u00f3 que en la segunda etapa de peritajes se detectaron <strong>24 muestras de sangre entre 61 recolectadas<\/strong>, de las cuales se obtuvieron <strong>21 perfiles gen\u00e9ticos<\/strong>. Estos fueron comparados con las muestras de los desaparecidos, de sus familiares y de las personas que viv\u00edan en la casa de Jurado.<\/p>\n\n\n\n<blockquote class=\"wp-block-quote is-layout-flow wp-block-quote-is-layout-flow\">\n<p>\u201cDe ese cotejo surgieron las coincidencias con Quispe y Ponce. A\u00fan quedan perfiles abiertos, es decir, ADN que no ha sido vinculado a ninguna persona identificada\u201d, explic\u00f3 Ramella.<\/p>\n<\/blockquote>\n\n\n\n<p>La causa contin\u00faa en etapa penal preparatoria mientras se procesan las pruebas restantes. En los pr\u00f3ximos d\u00edas, se espera que Jurado sea formalmente imputado por estas dos nuevas v\u00edctimas.<\/p>\n\n\n\n<p class=\"has-text-align-center\"><em><strong><em><strong><em><strong><em><strong><a href=\"https:\/\/t.me\/esreviral\">\u00daNETE A NUESTRO CANAL DE TELEGRAM PARA ESTAR INFORMADO<\/a><\/strong><\/em><\/strong><\/em><\/strong><\/em><\/strong><\/em><\/p>\n\n\n\n<figure class=\"wp-block-image size-large\"><img decoding=\"async\" src=\"https:\/\/tn.com.ar\/resizer\/v2\/miguel-angel-quispe-desaparecio-en-junio-foto-gentileza-diario-somos-jujuy-NR7XV4GCLJHIZEW3BBKLRZPS5Q.jpg?auth=bc4cb38acfb6b44655ad2d039085f613f7f60ba444e73edcc1a2f6c737e70d01&amp;width=1440\" alt=\"\"\/><figcaption class=\"wp-element-caption\">Miguel \u00c1ngel Quispe desapareci\u00f3 en junio.<\/figcaption><\/figure>\n\n\n\n<p><\/p>\n\n\n\n<p class=\"has-text-align-right\"><strong><em>Con Informaci\u00f3n de TN.-<\/em><\/strong><\/p>\n\n\n\n<p><\/p>\n","protected":false},"excerpt":{"rendered":"<p>Los perfiles de ADN corresponden a Miguel \u00c1ngel Quispe (60 a\u00f1os) y Juan Jos\u00e9 Ponce (51 a\u00f1os). El fiscal a cargo del caso, Guillermo Beller, no descarta que haya m\u00e1s casos adjudicados a Mat\u00edas Jurado porque a\u00fan quedan muestras por analizar.<\/p>\n","protected":false},"author":3,"featured_media":78470,"comment_status":"closed","ping_status":"closed","sticky":false,"template":"","format":"standard","meta":{"jnews-multi-image_gallery":[],"jnews_single_post":{"format":"standard"},"jnews_primary_category":[],"jnews_social_meta":[],"jnews_review":[],"enable_review":"","type":"","name":"","summary":"","brand":"","sku":"","good":[],"bad":[],"score_override":"","override_value":"","rating":[],"price":[],"jnews_override_counter":[],"jnews_post_split":[],"footnotes":""},"categories":[58,64],"tags":[44,35328,35327,4314,45],"class_list":["post-80118","post","type-post","status-publish","format-standard","has-post-thumbnail","hentry","category-argentina","category-sucesos","tag-argentina","tag-desaparicion-de-varios-hombres-en-jujuy","tag-guillermo-beller","tag-jujuy","tag-noticias"],"_links":{"self":[{"href":"https:\/\/esreviral.com\/index.php?rest_route=\/wp\/v2\/posts\/80118","targetHints":{"allow":["GET"]}}],"collection":[{"href":"https:\/\/esreviral.com\/index.php?rest_route=\/wp\/v2\/posts"}],"about":[{"href":"https:\/\/esreviral.com\/index.php?rest_route=\/wp\/v2\/types\/post"}],"author":[{"embeddable":true,"href":"https:\/\/esreviral.com\/index.php?rest_route=\/wp\/v2\/users\/3"}],"replies":[{"embeddable":true,"href":"https:\/\/esreviral.com\/index.php?rest_route=%2Fwp%2Fv2%2Fcomments&post=80118"}],"version-history":[{"count":1,"href":"https:\/\/esreviral.com\/index.php?rest_route=\/wp\/v2\/posts\/80118\/revisions"}],"predecessor-version":[{"id":80119,"href":"https:\/\/esreviral.com\/index.php?rest_route=\/wp\/v2\/posts\/80118\/revisions\/80119"}],"wp:featuredmedia":[{"embeddable":true,"href":"https:\/\/esreviral.com\/index.php?rest_route=\/wp\/v2\/media\/78470"}],"wp:attachment":[{"href":"https:\/\/esreviral.com\/index.php?rest_route=%2Fwp%2Fv2%2Fmedia&parent=80118"}],"wp:term":[{"taxonomy":"category","embeddable":true,"href":"https:\/\/esreviral.com\/index.php?rest_route=%2Fwp%2Fv2%2Fcategories&post=80118"},{"taxonomy":"post_tag","embeddable":true,"href":"https:\/\/esreviral.com\/index.php?rest_route=%2Fwp%2Fv2%2Ftags&post=80118"}],"curies":[{"name":"wp","href":"https:\/\/api.w.org\/{rel}","templated":true}]}}