{"id":80108,"date":"2025-09-03T19:16:34","date_gmt":"2025-09-04T00:16:34","guid":{"rendered":"https:\/\/esreviral.com\/?p=80108"},"modified":"2025-09-04T06:16:35","modified_gmt":"2025-09-04T11:16:35","slug":"milei-cerro-la-campana-con-fuerte-respaldo-a-su-hermana-y-fuertes-criticas-al-kirchnerismo","status":"publish","type":"post","link":"https:\/\/esreviral.com\/?p=80108","title":{"rendered":"Milei cerr\u00f3 la campa\u00f1a con fuerte respaldo a su hermana y fuertes cr\u00edticas al kirchnerismo"},"content":{"rendered":"\n<p>En medio de un imponente despliegue de seguridad que combin\u00f3 fuerzas federales y provinciales, <strong>La Libertad Avanza (LLA)<\/strong> cerr\u00f3 su campa\u00f1a en la provincia de Buenos Aires. Durante media hora, el presidente <strong>Javier Milei<\/strong> habl\u00f3 del esc\u00e1ndalo por los audios de su hermana Karina, la defendi\u00f3 de las acusaciones, apunt\u00f3 contra el kirchnerismo, llam\u00f3 con insistencia a votar y advirti\u00f3 sobre un posible \u201cempate t\u00e9cnico\u201d en las elecciones del domingo.<\/p>\n\n\n\n<h3 class=\"wp-block-heading\"><strong><mark style=\"background-color:rgba(0, 0, 0, 0)\" class=\"has-inline-color has-vivid-red-color\">Defensa a Karina Milei y \u201coperetas\u201d de la oposici\u00f3n<\/mark><\/strong><\/h3>\n\n\n\n<p>A poco de comenzar su discurso, Milei se meti\u00f3 de lleno en la pol\u00e9mica por las grabaciones que involucran a la secretaria General de la Presidencia, que ya generaron una denuncia penal y una cautelar para frenar su difusi\u00f3n.<br>\u201cEn la desesperaci\u00f3n total, van contra la familia. Imag\u00ednense c\u00f3mo estar\u00e1n en la provincia que se metieron con mi hermana. Vaya que est\u00e1n asustados, y el domingo les vamos a pintar la provincia de violeta\u201d, exclam\u00f3.<\/p>\n\n\n\n<p>El mandatario acus\u00f3 a la oposici\u00f3n de montar \u201coperetas e injurias\u201d y record\u00f3 el ataque que sufri\u00f3 en Lomas de Zamora la semana pasada, cuando le arrojaron piedras. \u201cPodr\u00edan haber matado a cualquiera. Eso muestra que nuestras ideas son m\u00e1s fuertes: no necesitamos violencia, ellos s\u00ed\u201d, remarc\u00f3.<\/p>\n\n\n\n<p class=\"has-text-align-center\"><strong><a href=\"https:\/\/chat.whatsapp.com\/KWkTmakY3I05kNdd2oZl6d\"><em>\u00daNETE A NUESTRO GRUPO DE WHATSAPP PARA ESTAR INFORMADO<\/em><\/a><\/strong><\/p>\n\n\n\n<blockquote class=\"twitter-tweet\"><p lang=\"es\" dir=\"ltr\">\ud83c\udde6\ud83c\uddf7 | Habla Milei \ud83d\udde3\ufe0f: &quot;Todas las encuestas coinciden que estamos en un empate t\u00e9cnico&quot; <a href=\"https:\/\/twitter.com\/hashtag\/esreviral?src=hash&amp;ref_src=twsrc%5Etfw\">#esreviral<\/a> <a href=\"https:\/\/t.co\/dv7MhuJsDT\">pic.twitter.com\/dv7MhuJsDT<\/a><\/p>&mdash; ES RE VIRAL (@esreviral) <a href=\"https:\/\/twitter.com\/esreviral\/status\/1963381998090588305?ref_src=twsrc%5Etfw\">September 3, 2025<\/a><\/blockquote> <script async src=\"https:\/\/platform.twitter.com\/widgets.js\" charset=\"utf-8\"><\/script>\n\n\n\n<h3 class=\"wp-block-heading\"><strong><mark style=\"background-color:rgba(0, 0, 0, 0)\" class=\"has-inline-color has-vivid-red-color\">Llamado al voto y escenario electoral<\/mark><\/strong><\/h3>\n\n\n\n<p>En su arenga, Milei puso el foco en la participaci\u00f3n.<br>\u201cHoy m\u00e1s que nunca, el voto de un individuo puede hacer la diferencia. Todas las encuestas marcan un empate t\u00e9cnico: puede ganar cualquiera, y cada voto ser\u00e1 decisivo\u201d, se\u00f1al\u00f3.<\/p>\n\n\n\n<p>En ese marco, denunci\u00f3 pr\u00e1cticas de desmoralizaci\u00f3n del oficialismo provincial:<br>\u201cEl \u2018sovi\u00e9tico\u2019 Kicillof quiere que los bonaerenses se queden en su casa. Saben que, si la gente vota, decimos \u2018kirchnerismo nunca m\u00e1s\u2019. Ellos operan con calumnias y pr\u00e1cticas mafiosas. El domingo van a intentar inclinar la cancha medio grado. Esa puede ser la diferencia entre ganar o perder\u201d.<\/p>\n\n\n\n<h3 class=\"wp-block-heading\"><strong><mark style=\"background-color:rgba(0, 0, 0, 0)\" class=\"has-inline-color has-vivid-red-color\">Una puesta en escena calculada<\/mark><\/strong><\/h3>\n\n\n\n<p>La exposici\u00f3n comenz\u00f3 cerca de las 20, con Milei irrumpiendo corriendo entre la multitud. En el escenario lo acompa\u00f1aron Karina Milei, el armador <strong>Sebasti\u00e1n Pareja<\/strong> y los principales candidatos del espacio.<\/p>\n\n\n\n<p>Fiel a su estilo, arranc\u00f3 cantando: \u201cSaquen al ping\u00fcino del caj\u00f3n\u201d, y luego agradeci\u00f3 a su hermana:<br>\u201cQuiero agradecer al jefe, a Karina, por encargarse de la odisea, a pesar de las injurias que vomitan desde los rincones de la pol\u00edtica todos los d\u00edas\u201d.<\/p>\n\n\n\n<p>Tambi\u00e9n se refiri\u00f3 a la situaci\u00f3n del legislador <strong>Gerardo Milman<\/strong>, sobre quien asegur\u00f3: \u201cHoy la Justicia determin\u00f3 que es inocente, despu\u00e9s de tres a\u00f1os de calumnias\u201d.<\/p>\n\n\n\n<blockquote class=\"twitter-tweet\"><p lang=\"es\" dir=\"ltr\">\ud83c\udde6\ud83c\uddf7 | Habla Milei \ud83d\udde3\ufe0f: &quot;No se olviden que en el kirchnerismo inmundo se cargaron la vida del Fiscal Nisman&quot; <a href=\"https:\/\/t.co\/x4vtvw0GFb\">pic.twitter.com\/x4vtvw0GFb<\/a><\/p>&mdash; ES RE VIRAL (@esreviral) <a href=\"https:\/\/twitter.com\/esreviral\/status\/1963380499163832729?ref_src=twsrc%5Etfw\">September 3, 2025<\/a><\/blockquote> <script async src=\"https:\/\/platform.twitter.com\/widgets.js\" charset=\"utf-8\"><\/script>\n\n\n\n<h3 class=\"wp-block-heading\"><strong><mark style=\"background-color:rgba(0, 0, 0, 0)\" class=\"has-inline-color has-vivid-red-color\">El territorio elegido<\/mark><\/strong><\/h3>\n\n\n\n<p>El acto se realiz\u00f3 en el barrio <strong>Trujui<\/strong>, un sector del conurbano marcado por calles de barro, poca luminaria y abandono estatal, seg\u00fan describieron los propios libertarios. \u201cQueremos cambiar esta postal del conurbano gobernado por el peronismo durante d\u00e9cadas\u201d, afirmaron dirigentes del espacio.<\/p>\n\n\n\n<h3 class=\"wp-block-heading\"><strong><mark style=\"background-color:rgba(0, 0, 0, 0)\" class=\"has-inline-color has-vivid-red-color\">La previa y los discursos<\/mark><\/strong><\/h3>\n\n\n\n<p>Antes del cierre, hablaron distintos candidatos de LLA:<\/p>\n\n\n\n<p>Finalmente, <strong>Sebasti\u00e1n Pareja<\/strong>, hombre de confianza de Karina Milei, areng\u00f3: \u201cEl domingo somos nosotros o ellos. Kirchnerismo, nunca m\u00e1s\u201d.<\/p>\n\n\n\n<p><strong>Andrea \u201cLa nena\u201d Vera<\/strong>, hija del puntero peronista Ram\u00f3n Vera, hoy en filas libertarias, present\u00f3 el distrito como \u201cla cuna del liberalismo popular\u201d.<\/p>\n\n\n\n<p><strong>Maximiliano Bondarenko<\/strong>, postulante en la tercera secci\u00f3n, cant\u00f3 la <em>Marcha de San Lorenzo<\/em> y afirm\u00f3: \u201cLa meta es sacar al kirchnerismo\u201d.<\/p>\n\n\n\n<p><strong>Diego Valenzuela<\/strong>, candidato a senador, sostuvo: \u201cEl Estado presente es un chamuyo. El miedo tiene que cambiar de lado\u201d.<\/p>\n\n\n\n<blockquote class=\"twitter-tweet\"><p lang=\"es\" dir=\"ltr\">\ud83c\udde6\ud83c\uddf7 | Le tiraron piedras a la caravana de Milei mientras sal\u00eda del acto de cierre de campa\u00f1a de La Libertad Avanza en Moreno<a href=\"https:\/\/twitter.com\/hashtag\/esreviral?src=hash&amp;ref_src=twsrc%5Etfw\">#esreviral<\/a> <a href=\"https:\/\/t.co\/BJ5XQVtPti\">pic.twitter.com\/BJ5XQVtPti<\/a><\/p>&mdash; ES RE VIRAL (@esreviral) <a href=\"https:\/\/twitter.com\/esreviral\/status\/1963392237141729481?ref_src=twsrc%5Etfw\">September 4, 2025<\/a><\/blockquote> <script async src=\"https:\/\/platform.twitter.com\/widgets.js\" charset=\"utf-8\"><\/script>\n\n\n\n<h3 class=\"wp-block-heading\"><strong><mark style=\"background-color:rgba(0, 0, 0, 0)\" class=\"has-inline-color has-vivid-red-color\">Qui\u00e9nes acompa\u00f1aron a Milei<\/mark><\/strong><\/h3>\n\n\n\n<p>En el escenario, adem\u00e1s de Karina y Pareja, estuvieron los principales candidatos seccionales de LLA. Se destac\u00f3 la presencia de <strong>Guillermo Montenegro<\/strong> (quinta secci\u00f3n) y <strong>Oscar Liberman<\/strong> (sexta), ambos con chances de derrotar al peronismo en sus distritos. Tambi\u00e9n participaron <strong>Diego Valenzuela<\/strong> (primera secci\u00f3n) y <strong>Bondarenko<\/strong> (tercera), quienes enfrentar\u00e1n las batallas m\u00e1s duras contra el oficialismo.<\/p>\n\n\n\n<p>Otros dirigentes presentes fueron <strong>Alejandro Speroni<\/strong>, candidato en la s\u00e9ptima secci\u00f3n y subsecretario Legal del Ministerio de Econom\u00eda, y <strong>Francisco Adorni<\/strong>, hermano del vocero presidencial y primer candidato en La Plata.<\/p>\n\n\n\n<p>La ausencia notoria fue la de las denominadas \u201cFuerzas del Cielo\u201d, cercanas a <strong>Santiago Caputo<\/strong>, que quedaron relegadas en medio de la interna con el sector que lidera Karina Milei.<\/p>\n\n\n\n<p class=\"has-text-align-center\"><em><strong><em><strong><em><strong><em><strong><a href=\"https:\/\/t.me\/esreviral\">\u00daNETE A NUESTRO CANAL DE TELEGRAM PARA ESTAR INFORMADO<\/a><\/strong><\/em><\/strong><\/em><\/strong><\/em><\/strong><\/em><\/p>\n\n\n\n<p class=\"has-text-align-right\"><strong><em>Con Informaci\u00f3n de LN.-<\/em><\/strong><\/p>\n","protected":false},"excerpt":{"rendered":"<p>El Presidente defendi\u00f3 a la secretaria General de la Presidencia tras el caso Spagnuolo, en el \u00faltimo acto del espacio violeta antes de las elecciones bonaerenses del domingo. Afirm\u00f3 que La Libertad Avanza est\u00e1 en un \u00abempate t\u00e9cnico\u00bb con el peronismo.<\/p>\n","protected":false},"author":3,"featured_media":80111,"comment_status":"closed","ping_status":"closed","sticky":false,"template":"","format":"standard","meta":{"jnews-multi-image_gallery":[],"jnews_single_post":{"format":"standard"},"jnews_primary_category":[],"jnews_social_meta":[],"jnews_review":[],"enable_review":"","type":"","name":"","summary":"","brand":"","sku":"","good":[],"bad":[],"score_override":"","override_value":"","rating":[],"price":[],"jnews_override_counter":[],"jnews_post_split":[],"footnotes":""},"categories":[58,59],"tags":[44,1158,1521,45,14344],"class_list":["post-80108","post","type-post","status-publish","format-standard","has-post-thumbnail","hentry","category-argentina","category-politica","tag-argentina","tag-javier-milei","tag-kirchnerismo","tag-noticias","tag-presidente-javier-milei-2"],"_links":{"self":[{"href":"https:\/\/esreviral.com\/index.php?rest_route=\/wp\/v2\/posts\/80108","targetHints":{"allow":["GET"]}}],"collection":[{"href":"https:\/\/esreviral.com\/index.php?rest_route=\/wp\/v2\/posts"}],"about":[{"href":"https:\/\/esreviral.com\/index.php?rest_route=\/wp\/v2\/types\/post"}],"author":[{"embeddable":true,"href":"https:\/\/esreviral.com\/index.php?rest_route=\/wp\/v2\/users\/3"}],"replies":[{"embeddable":true,"href":"https:\/\/esreviral.com\/index.php?rest_route=%2Fwp%2Fv2%2Fcomments&post=80108"}],"version-history":[{"count":3,"href":"https:\/\/esreviral.com\/index.php?rest_route=\/wp\/v2\/posts\/80108\/revisions"}],"predecessor-version":[{"id":80114,"href":"https:\/\/esreviral.com\/index.php?rest_route=\/wp\/v2\/posts\/80108\/revisions\/80114"}],"wp:featuredmedia":[{"embeddable":true,"href":"https:\/\/esreviral.com\/index.php?rest_route=\/wp\/v2\/media\/80111"}],"wp:attachment":[{"href":"https:\/\/esreviral.com\/index.php?rest_route=%2Fwp%2Fv2%2Fmedia&parent=80108"}],"wp:term":[{"taxonomy":"category","embeddable":true,"href":"https:\/\/esreviral.com\/index.php?rest_route=%2Fwp%2Fv2%2Fcategories&post=80108"},{"taxonomy":"post_tag","embeddable":true,"href":"https:\/\/esreviral.com\/index.php?rest_route=%2Fwp%2Fv2%2Ftags&post=80108"}],"curies":[{"name":"wp","href":"https:\/\/api.w.org\/{rel}","templated":true}]}}