{"id":79957,"date":"2025-09-01T16:15:29","date_gmt":"2025-09-01T21:15:29","guid":{"rendered":"https:\/\/esreviral.com\/?p=79957"},"modified":"2025-09-01T16:22:58","modified_gmt":"2025-09-01T21:22:58","slug":"ingeniero-venezolano-sufre-de-cancer-y-hacen-una-rifa-solidaria-para-apoyarlo-con-los-gastos","status":"publish","type":"post","link":"https:\/\/esreviral.com\/?p=79957","title":{"rendered":"Ingeniero venezolano sufre de c\u00e1ncer y hacen una rifa solidaria para apoyarlo con los gastos"},"content":{"rendered":"\n<p><strong>Brian Oswald Pe\u00f1a Caraballo, de 33 a\u00f1os de edad, es un venezolano, ingeniero civil de profesi\u00f3n, quien decidi\u00f3 mudarse a C\u00f3rdoba, Argentina<\/strong> hace siete a\u00f1os donde trabaja de forma independiente como programador web.<\/p>\n\n\n\n<p>En octubre de 2024 su vida cambi\u00f3 dr\u00e1sticamente. Durante meses padeci\u00f3 un dolor cervical diagn\u00f3sticado como simple cervic\u00e1lgia. Finalmente, un kinesi\u00f3logo le indic\u00f3 realizarse una radiograf\u00eda completa de columna, y en ese estudio se descubri\u00f3 que ten\u00eda un pulm\u00f3n colapsado. <strong>El 14 de octubre de ese a\u00f1o fue derivado de urgencia a la guardia, donde lo internaron para drenar 850 mil\u00edlitros de l\u00edquido en la pleura, provocado por un tumor en el mediastino.<\/strong><\/p>\n\n\n\n<p><strong><a href=\"https:\/\/chat.whatsapp.com\/KWkTmakY3I05kNdd2oZl6d\"><em>\u00daNETE A NUESTRO GRUPO DE WHATSAPP PARA ESTAR INFORMADO<\/em><\/a><\/strong><\/p>\n\n\n\n<p>Al d\u00eda siguiente, el onc\u00f3logo confirm\u00f3 que <strong>se trataba de un c\u00e1ncer testicular extragonadal con tumor mediastinal y que deb\u00eda iniciar quimioterapia de inmediato<\/strong>. El el 16 de octubre inici\u00f3 el tratamiento. <\/p>\n\n\n\n<p>Lamentablemente, poco despu\u00e9s <strong>la prepaga<\/strong> \u2014una de las m\u00e1s conocidas en C\u00f3rdoba\u2014 <strong>lo dio de baja sin justificaci\u00f3n, dej\u00e1ndolo sin cobertura m\u00e9dica en plena lucha contra la enfermedad. <\/strong>Esto lo oblig\u00f3 a afrontar su segundo ciclo de quimioterapia con recursos propios, pero tambi\u00e9n gracias a la colaboraci\u00f3n de familiares y amigos que lo ayudaron a cubrir los gastos. <strong>Desde el tercer ciclo en adelante, se ha estado tratando en la red sanitaria p\u00fablica de Argentina, donde contin\u00faa con su lucha.<\/strong><\/p>\n\n\n\n<figure class=\"wp-block-image size-large\"><img fetchpriority=\"high\" decoding=\"async\" width=\"750\" height=\"1024\" src=\"https:\/\/esreviral.com\/wp-content\/uploads\/2025\/09\/WhatsApp-Image-2025-08-31-at-8.49.17-AM-750x1024.webp\" alt=\"\" class=\"wp-image-79962\" srcset=\"https:\/\/esreviral.com\/wp-content\/uploads\/2025\/09\/WhatsApp-Image-2025-08-31-at-8.49.17-AM-750x1024.webp 750w, https:\/\/esreviral.com\/wp-content\/uploads\/2025\/09\/WhatsApp-Image-2025-08-31-at-8.49.17-AM-220x300.webp 220w, https:\/\/esreviral.com\/wp-content\/uploads\/2025\/09\/WhatsApp-Image-2025-08-31-at-8.49.17-AM-768x1048.webp 768w, https:\/\/esreviral.com\/wp-content\/uploads\/2025\/09\/WhatsApp-Image-2025-08-31-at-8.49.17-AM-1125x1536.webp 1125w, https:\/\/esreviral.com\/wp-content\/uploads\/2025\/09\/WhatsApp-Image-2025-08-31-at-8.49.17-AM.webp 1172w\" sizes=\"(max-width: 750px) 100vw, 750px\" \/><\/figure>\n\n\n\n<p>Brian ya atraves\u00f3 dos fases de quimioterapia que no lograron reducir lo suficiente el tumor para ser extra\u00eddo quir\u00fargicamente, ya que a\u00fan presenta un tama\u00f1o considerable. Actualmente debe iniciar uno nuevo, mucho m\u00e1s fuerte junto con un trasplante aut\u00f3logo de m\u00e9dula \u00f3sea (con sus propias c\u00e9lulas madre). Su diagn\u00f3stico se ha vuelto m\u00e1s complejo, dado que el c\u00e1ncer tambi\u00e9n hizo met\u00e1stasis en el h\u00edgado y ha tomado espacio cerca del coraz\u00f3n, provocando presi\u00f3n que empeora los fuertes dolores y dificulta su descanso.<\/p>\n\n\n\n<p>Si bien, Brian contin\u00faa trabajando de forma independiente, solo puede hacerlo a su propio ritmo, ya que los fuertes dolores y la debilidad f\u00edsica diaria le impiden pasar demasiado tiempo frente a la computadora. Adem\u00e1s, actualmente <strong>debe mudarse del departamento que actualmente alquila, ya que este presenta humedad y se inunda cuando llueve, lo que agrava su cuadro de salud.<\/strong><\/p>\n\n\n\n<p><em><strong><em><strong><em><strong><em><strong><a href=\"https:\/\/t.me\/esreviral\">\u00daNETE A NUESTRO CANAL DE TELEGRAM PARA ESTAR INFORMADO<\/a><\/strong><\/em><\/strong><\/em><\/strong><\/em><\/strong><\/em><\/p>\n\n\n\n<p>Esta situaci\u00f3n ha generado una dif\u00edcil realidad econ\u00f3mica. Su pareja intenta sostener parte de los gastos del hogar con su trabajo, pero lamentablemente no alcanza para cubrir todas las necesidades b\u00e1sicas como alquiler, alimentos, traslados para el tratamiento y estudios m\u00e9dicos que por la urgencia deben pagarse de manera particular.<\/p>\n\n\n\n<figure class=\"wp-block-image size-large\"><img decoding=\"async\" width=\"1024\" height=\"768\" src=\"https:\/\/esreviral.com\/wp-content\/uploads\/2025\/09\/placa-Brian-Oswald-Pena-Caraballo-1024x768.webp\" alt=\"\" class=\"wp-image-79964\" srcset=\"https:\/\/esreviral.com\/wp-content\/uploads\/2025\/09\/placa-Brian-Oswald-Pena-Caraballo-1024x768.webp 1024w, https:\/\/esreviral.com\/wp-content\/uploads\/2025\/09\/placa-Brian-Oswald-Pena-Caraballo-300x225.webp 300w, https:\/\/esreviral.com\/wp-content\/uploads\/2025\/09\/placa-Brian-Oswald-Pena-Caraballo-768x576.webp 768w, https:\/\/esreviral.com\/wp-content\/uploads\/2025\/09\/placa-Brian-Oswald-Pena-Caraballo-1536x1152.webp 1536w, https:\/\/esreviral.com\/wp-content\/uploads\/2025\/09\/placa-Brian-Oswald-Pena-Caraballo.webp 1600w\" sizes=\"(max-width: 1024px) 100vw, 1024px\" \/><\/figure>\n\n\n\n<p>Por esta raz\u00f3n, se est\u00e1 organizando una rifa solidaria con el fin de recaudar fondos que permitan afrontar estas deudas y acompa\u00f1ar a Brian en este momento tan dif\u00edcil.<\/p>\n\n\n\n<p>Quienes desee comprar un n\u00famero de la rifa o simplemente hacer una donaci\u00f3n para cubrir sus datos, pueden hacerlo al:<br><strong>CBU:<\/strong> 4530000800016122049274<br><strong>Alias:<\/strong> arlis.montero<br><strong>Titular:<\/strong> Arlis Yanizka Montero Rodriguez<br><strong>Caja de ahorro en pesos: <\/strong>1612204927<\/p>\n\n\n\n<p>Quienes deseen comprar alg\u00fan n\u00famero pueden comunicar a los tel\u00e9fonos: G\u00e9nesis Pe\u00f1a (Hermana) 3512461860<br>Barbara Pe\u00f1a (Hermana) 3515194474<\/p>\n\n\n\n<p>A pesar de todo, \u00e9l sigue luchando d\u00eda a d\u00eda con fe, esperanza y la convicci\u00f3n de que lograr\u00e1 superar la enfermedad y recuperar su vida.<\/p>\n\n\n\n<figure class=\"wp-block-image size-large\"><img decoding=\"async\" width=\"576\" height=\"1024\" src=\"https:\/\/esreviral.com\/wp-content\/uploads\/2025\/09\/WhatsApp-Image-2025-09-01-at-6.06.54-PM-576x1024.webp\" alt=\"\" class=\"wp-image-79969\" srcset=\"https:\/\/esreviral.com\/wp-content\/uploads\/2025\/09\/WhatsApp-Image-2025-09-01-at-6.06.54-PM-576x1024.webp 576w, https:\/\/esreviral.com\/wp-content\/uploads\/2025\/09\/WhatsApp-Image-2025-09-01-at-6.06.54-PM-169x300.webp 169w, https:\/\/esreviral.com\/wp-content\/uploads\/2025\/09\/WhatsApp-Image-2025-09-01-at-6.06.54-PM.webp 720w\" sizes=\"(max-width: 576px) 100vw, 576px\" \/><\/figure>\n","protected":false},"excerpt":{"rendered":"<p>Brian Oswald Pe\u00f1a Caraballo, de 33 a\u00f1os de edad, es un venezolano, ingeniero civil de profesi\u00f3n, quien decidi\u00f3 mudarse a C\u00f3rdoba, Argentina hace siete a\u00f1os donde trabaja de forma independiente como programador web. En octubre de 2024 su vida cambi\u00f3 dr\u00e1sticamente. Durante meses padeci\u00f3 un dolor cervical diagn\u00f3sticado como simple cervic\u00e1lgia. Finalmente, un kinesi\u00f3logo le [&hellip;]<\/p>\n","protected":false},"author":2,"featured_media":79960,"comment_status":"closed","ping_status":"closed","sticky":false,"template":"","format":"standard","meta":{"jnews-multi-image_gallery":[],"jnews_single_post":{"format":"standard"},"jnews_primary_category":[],"jnews_social_meta":[],"jnews_review":[],"enable_review":"","type":"","name":"","summary":"","brand":"","sku":"","good":[],"bad":[],"score_override":"","override_value":"","rating":[],"price":[],"jnews_override_counter":[],"jnews_post_split":[],"footnotes":""},"categories":[43,5892],"tags":[44,898,45,201,67,35247,56],"class_list":["post-79957","post","type-post","status-publish","format-standard","has-post-thumbnail","hentry","category-actualidad","category-venezolanos-en-argentina","tag-argentina","tag-cordoba","tag-noticias","tag-servicio-publico","tag-venezolanos-en-argentina","tag-venezolanos-en-codoba","tag-venezuela"],"amp_enabled":true,"_links":{"self":[{"href":"https:\/\/esreviral.com\/index.php?rest_route=\/wp\/v2\/posts\/79957"}],"collection":[{"href":"https:\/\/esreviral.com\/index.php?rest_route=\/wp\/v2\/posts"}],"about":[{"href":"https:\/\/esreviral.com\/index.php?rest_route=\/wp\/v2\/types\/post"}],"author":[{"embeddable":true,"href":"https:\/\/esreviral.com\/index.php?rest_route=\/wp\/v2\/users\/2"}],"replies":[{"embeddable":true,"href":"https:\/\/esreviral.com\/index.php?rest_route=%2Fwp%2Fv2%2Fcomments&post=79957"}],"version-history":[{"count":4,"href":"https:\/\/esreviral.com\/index.php?rest_route=\/wp\/v2\/posts\/79957\/revisions"}],"predecessor-version":[{"id":79973,"href":"https:\/\/esreviral.com\/index.php?rest_route=\/wp\/v2\/posts\/79957\/revisions\/79973"}],"wp:featuredmedia":[{"embeddable":true,"href":"https:\/\/esreviral.com\/index.php?rest_route=\/wp\/v2\/media\/79960"}],"wp:attachment":[{"href":"https:\/\/esreviral.com\/index.php?rest_route=%2Fwp%2Fv2%2Fmedia&parent=79957"}],"wp:term":[{"taxonomy":"category","embeddable":true,"href":"https:\/\/esreviral.com\/index.php?rest_route=%2Fwp%2Fv2%2Fcategories&post=79957"},{"taxonomy":"post_tag","embeddable":true,"href":"https:\/\/esreviral.com\/index.php?rest_route=%2Fwp%2Fv2%2Ftags&post=79957"}],"curies":[{"name":"wp","href":"https:\/\/api.w.org\/{rel}","templated":true}]}}