{"id":79950,"date":"2025-09-01T14:13:45","date_gmt":"2025-09-01T19:13:45","guid":{"rendered":"https:\/\/esreviral.com\/?p=79950"},"modified":"2025-09-01T14:14:27","modified_gmt":"2025-09-01T19:14:27","slug":"bullrich-anuncia-record-historico-en-incautacion-de-drogas-durante-el-primer-semestre-de-2025","status":"publish","type":"post","link":"https:\/\/esreviral.com\/?p=79950","title":{"rendered":"Bullrich anunci\u00f3 r\u00e9cord hist\u00f3rico en incautaci\u00f3n de drogas durante el primer semestre de 2025"},"content":{"rendered":"\n<p><strong>La ministra de Seguridad Nacional, Patricia Bullrich, present\u00f3 este lunes en San Isidro las estad\u00edsticas de incautaci\u00f3n de drogas correspondientes al primer semestre de 2025, donde destac\u00f3 un aumento significativo en los decomisos realizados en m\u00e1s de 15.000 procedimientos.<\/strong><\/p>\n\n\n\n<p>Bullrich anunci\u00f3 que se alcanz\u00f3 un nuevo r\u00e9cord hist\u00f3rico en la incautaci\u00f3n de coca\u00edna, con un 6% m\u00e1s que en 2024, a\u00f1o en el que ya se hab\u00eda registrado un incremento del 63% respecto al per\u00edodo anterior. Seg\u00fan la funcionaria, estos resultados reflejan la efectividad de las estrategias implementadas por el Ministerio en la lucha contra el narcotr\u00e1fico.<\/p>\n\n\n\n<p>En cuanto a las drogas sint\u00e9ticas, los secuestros crecieron un 5% en comparaci\u00f3n con el a\u00f1o pasado, mientras que la cantidad de marihuana incautada super\u00f3 en un 35% a la de 2024. Adem\u00e1s, la ministra subray\u00f3 que el n\u00famero de detenidos aument\u00f3 un 27%, lo que, seg\u00fan sus palabras, \u201cimplica un menor nivel de impunidad\u201d.<\/p>\n\n\n\n<p>La conferencia se llev\u00f3 a cabo a las 9:30 en la calle Intendente Neyer 1220, en B\u00e9ccar, provincia de Buenos Aires, y cont\u00f3 con la presencia de Jos\u00e9 Luis Espert, primer candidato a diputado nacional por La Libertad Avanza en la provincia, y de Ram\u00f3n Lan\u00fas, intendente de San Isidro. Bullrich, a su vez, es candidata a senadora por esa misma fuerza en la Ciudad de Buenos Aires.<\/p>\n\n\n\n<p class=\"has-text-align-center\"><strong><a href=\"https:\/\/chat.whatsapp.com\/KWkTmakY3I05kNdd2oZl6d\"><em>\u00daNETE A NUESTRO GRUPO DE WHATSAPP PARA ESTAR INFORMADO<\/em><\/a><\/strong><\/p>\n\n\n<div class=\"wp-block-image\">\n<figure class=\"aligncenter size-large\"><img decoding=\"async\" src=\"https:\/\/www.clarin.com\/img\/2025\/09\/01\/h1PAWYUJA_720x0__1.jpg\" alt=\"\"\/><\/figure><\/div>\n\n\n<p><\/p>\n\n\n\n<p>Durante su exposici\u00f3n, la ministra revel\u00f3 detalles de uno de los operativos m\u00e1s relevantes en la historia del pa\u00eds: una entrega vigilada que permiti\u00f3 seguir el recorrido de una embarcaci\u00f3n desde el puerto de Buenos Aires hasta Espa\u00f1a. El procedimiento culmin\u00f3 el viernes con la apertura de un contenedor en el que se hallaron 500 kilos de coca\u00edna ocultos en un torno.<\/p>\n\n\n\n<p>En lo que va de 2025, se realizaron m\u00e1s de 15.000 procedimientos \u2014un 16% m\u00e1s que en 2024\u2014, gracias al trabajo conjunto de fuerzas federales, provinciales, organismos judiciales y \u00e1reas de inteligencia criminal. Bullrich destac\u00f3 especialmente el aporte de la ciudadan\u00eda a trav\u00e9s de la l\u00ednea 134, que facilita datos concretos para avanzar en las investigaciones.<\/p>\n\n\n\n<p>Respecto a los principales focos del narcotr\u00e1fico, se\u00f1al\u00f3 a Rosario (Santa Fe) y San Ram\u00f3n de la Nueva Or\u00e1n (Salta). En esta \u00faltima ciudad, bajo el \u201cPlan G\u00fcemes\u201d, se concretaron 1.193 procedimientos con 464 detenidos, mientras que en Rosario se realizaron 1.738 procedimientos con 1.469 arrestos.<\/p>\n\n\n\n<p>Lan\u00fas, por su parte, respald\u00f3 la gesti\u00f3n nacional: <em>\u201cHace poco menos de dos a\u00f1os comenz\u00f3 un combate frontal al narcotr\u00e1fico de la mano de Patricia Bullrich. Quienes vivimos en el Conurbano sabemos que gran parte de los delitos est\u00e1n vinculados directa o indirectamente al narcotr\u00e1fico. Por eso, nada de lo que hagamos desde los municipios tendr\u00e1 sentido si el gobierno nacional no libra una pelea sin cuartel contra este flagelo\u201d<\/em>, afirm\u00f3.<\/p>\n\n\n\n<p class=\"has-text-align-center\"><em><strong><em><strong><em><strong><em><strong><a href=\"https:\/\/t.me\/esreviral\">\u00daNETE A NUESTRO CANAL DE TELEGRAM PARA ESTAR INFORMADO<\/a><\/strong><\/em><\/strong><\/em><\/strong><\/em><\/strong><\/em><\/p>\n\n\n\n<p class=\"has-text-align-right\"><strong><em>Con Informaci\u00f3n de Clarin.-<\/em><\/strong><\/p>\n","protected":false},"excerpt":{"rendered":"<p>La ministra de Seguridad inform\u00f3 en una conferencia de prensa que creci\u00f3 un 6% respecto de 2024.<br \/>\nTambi\u00e9n se incrementaron las incautaciones de drogas sint\u00e9ticas y de marihuana.<\/p>\n","protected":false},"author":3,"featured_media":79951,"comment_status":"closed","ping_status":"closed","sticky":false,"template":"","format":"standard","meta":{"jnews-multi-image_gallery":[],"jnews_single_post":{"format":"standard"},"jnews_primary_category":[],"jnews_social_meta":[],"jnews_review":[],"enable_review":"","type":"","name":"","summary":"","brand":"","sku":"","good":[],"bad":[],"score_override":"","override_value":"","rating":[],"price":[],"jnews_override_counter":[],"jnews_post_split":[],"footnotes":""},"categories":[58],"tags":[44,592,9292,255,2740,1255,45,391],"class_list":["post-79950","post","type-post","status-publish","format-standard","has-post-thumbnail","hentry","category-argentina","tag-argentina","tag-drogas","tag-drogas-sinteticas","tag-marihuana","tag-ministerio-de-seguridad","tag-narcotrafico","tag-noticias","tag-patricia-bullrich"],"amp_enabled":true,"_links":{"self":[{"href":"https:\/\/esreviral.com\/index.php?rest_route=\/wp\/v2\/posts\/79950"}],"collection":[{"href":"https:\/\/esreviral.com\/index.php?rest_route=\/wp\/v2\/posts"}],"about":[{"href":"https:\/\/esreviral.com\/index.php?rest_route=\/wp\/v2\/types\/post"}],"author":[{"embeddable":true,"href":"https:\/\/esreviral.com\/index.php?rest_route=\/wp\/v2\/users\/3"}],"replies":[{"embeddable":true,"href":"https:\/\/esreviral.com\/index.php?rest_route=%2Fwp%2Fv2%2Fcomments&post=79950"}],"version-history":[{"count":2,"href":"https:\/\/esreviral.com\/index.php?rest_route=\/wp\/v2\/posts\/79950\/revisions"}],"predecessor-version":[{"id":79953,"href":"https:\/\/esreviral.com\/index.php?rest_route=\/wp\/v2\/posts\/79950\/revisions\/79953"}],"wp:featuredmedia":[{"embeddable":true,"href":"https:\/\/esreviral.com\/index.php?rest_route=\/wp\/v2\/media\/79951"}],"wp:attachment":[{"href":"https:\/\/esreviral.com\/index.php?rest_route=%2Fwp%2Fv2%2Fmedia&parent=79950"}],"wp:term":[{"taxonomy":"category","embeddable":true,"href":"https:\/\/esreviral.com\/index.php?rest_route=%2Fwp%2Fv2%2Fcategories&post=79950"},{"taxonomy":"post_tag","embeddable":true,"href":"https:\/\/esreviral.com\/index.php?rest_route=%2Fwp%2Fv2%2Ftags&post=79950"}],"curies":[{"name":"wp","href":"https:\/\/api.w.org\/{rel}","templated":true}]}}