{"id":79907,"date":"2025-09-01T09:04:29","date_gmt":"2025-09-01T14:04:29","guid":{"rendered":"https:\/\/esreviral.com\/?p=79907"},"modified":"2025-09-01T09:04:30","modified_gmt":"2025-09-01T14:04:30","slug":"entro-en-vigor-en-ecuador-la-visa-de-transeunte-para-venezolanos-este-es-el-precio","status":"publish","type":"post","link":"https:\/\/esreviral.com\/?p=79907","title":{"rendered":"Entr\u00f3 en vigor en Ecuador la visa de transe\u00fante para venezolanos: este es el precio"},"content":{"rendered":"\n<p>Desde este lunes 1 de septiembre, Ecuador comenz\u00f3 a solicitar la <strong>Visa de Visitante Temporal de Transe\u00fante<\/strong> a ciudadanos venezolanos, medida que tambi\u00e9n aplica a m\u00e1s de 40 nacionalidades.<\/p>\n\n\n\n<p class=\"has-text-align-center\"><strong><a href=\"https:\/\/chat.whatsapp.com\/KWkTmakY3I05kNdd2oZl6d\"><em>\u00daNETE A NUESTRO GRUPO DE WHATSAPP PARA ESTAR INFORMADO<\/em><\/a><\/strong><\/p>\n\n\n\n<p>El <strong>Ministerio de Relaciones Exteriores y Movilidad Humana<\/strong> explic\u00f3 que el documento ser\u00e1 obligatorio para los nacionales de pa\u00edses a los que actualmente se les exige visa para ingresar al pa\u00eds. Entre ellos se encuentran:<strong> Afganist\u00e1n, Angola, Bangladesh, Camer\u00fan, Cuba, Egipto, Eritrea, Etiop\u00eda, Filipinas, Gambia, Ghana, Guinea, India, Irak, Ir\u00e1n, Libia, Nigeria, Pakist\u00e1n, Nepal, Rep\u00fablica Democr\u00e1tica del Congo, Corea del Norte, Senegal, Siria, Sri Lanka y Somalia.<\/strong><\/p>\n\n\n\n<p>Asimismo, la medida alcanza a ciudadanos de <strong>Venezuela, Vietnam, Yemen, Hait\u00ed, Mali, Costa de Marfil, Myanmar, Uzbekist\u00e1n, Tayikist\u00e1n, Albania, Chad, Guinea Bissau, Kirguist\u00e1n, Mauritania, Sierra Leona, Sud\u00e1n, Sud\u00e1n del Sur y China.<\/strong><\/p>\n\n\n\n<p><strong><mark style=\"background-color:rgba(0, 0, 0, 0)\" class=\"has-inline-color has-vivid-red-color\">C\u00f3mo solicitar la visa<\/mark><\/strong><br>El tr\u00e1mite puede realizarse desde cualquier lugar del mundo a trav\u00e9s de este enlace<strong> <a href=\"https:\/\/serviciosdigitales.cancilleria.gob.ec\">https:\/\/serviciosdigitales.cancilleria.gob.ec<\/a>.<\/strong> El <strong>formulario de solicitud tiene un costo de 50 d\u00f3lares<\/strong>, mientras que la <strong>Visa de Visitante Temporal de Transe\u00fante<\/strong> tendr\u00e1 un valor de 30 d\u00f3lares.<\/p>\n\n\n\n<p>Seg\u00fan la Canciller\u00eda, la medida busca <strong>fortalecer la seguridad del Estado y mejorar el control migratorio<\/strong>, reiterando al mismo tiempo su <strong>compromiso con el respeto a los derechos de las personas en movilidad humana y la observancia del marco legal vigente<\/strong>.<\/p>\n\n\n\n<p class=\"has-text-align-center\"><em><strong><em><strong><em><strong><em><strong><a href=\"https:\/\/t.me\/esreviral\">\u00daNETE A NUESTRO CANAL DE TELEGRAM PARA ESTAR INFORMADO<\/a><\/strong><\/em><\/strong><\/em><\/strong><\/em><\/strong><\/em><\/p>\n\n\n\n<p class=\"has-text-align-right\"><strong><em>Con informaci\u00f3n de elnacional.com.-<\/em><\/strong><\/p>\n","protected":false},"excerpt":{"rendered":"<p>Para solicitar esta visa, el tr\u00e1mite podr\u00e1 realizarse desde cualquier parte del mundo a trav\u00e9s de la p\u00e1gina web de la Canciller\u00eda ecuatoriana<\/p>\n","protected":false},"author":3,"featured_media":79908,"comment_status":"closed","ping_status":"closed","sticky":false,"template":"","format":"standard","meta":{"jnews-multi-image_gallery":[],"jnews_single_post":{"format":"standard"},"jnews_primary_category":[],"jnews_social_meta":[],"jnews_review":[],"enable_review":"","type":"","name":"","summary":"","brand":"","sku":"","good":[],"bad":[],"score_override":"","override_value":"","rating":[],"price":[],"jnews_override_counter":[],"jnews_post_split":[],"footnotes":""},"categories":[54,88],"tags":[35224,547,35225,35226,35227,45,2162,35223],"class_list":["post-79907","post","type-post","status-publish","format-standard","has-post-thumbnail","hentry","category-inmigracion","category-internacionales","tag-cancilleria-ecuatoriana","tag-ecuador","tag-ecuador-venezolanos","tag-ecuador-venezolanos-visa-transeunte","tag-ministerio-de-relaciones-exteriores-y-movilidad-humana","tag-noticias","tag-venezolanos","tag-visa-de-transeunte"],"amp_enabled":true,"_links":{"self":[{"href":"https:\/\/esreviral.com\/index.php?rest_route=\/wp\/v2\/posts\/79907"}],"collection":[{"href":"https:\/\/esreviral.com\/index.php?rest_route=\/wp\/v2\/posts"}],"about":[{"href":"https:\/\/esreviral.com\/index.php?rest_route=\/wp\/v2\/types\/post"}],"author":[{"embeddable":true,"href":"https:\/\/esreviral.com\/index.php?rest_route=\/wp\/v2\/users\/3"}],"replies":[{"embeddable":true,"href":"https:\/\/esreviral.com\/index.php?rest_route=%2Fwp%2Fv2%2Fcomments&post=79907"}],"version-history":[{"count":1,"href":"https:\/\/esreviral.com\/index.php?rest_route=\/wp\/v2\/posts\/79907\/revisions"}],"predecessor-version":[{"id":79909,"href":"https:\/\/esreviral.com\/index.php?rest_route=\/wp\/v2\/posts\/79907\/revisions\/79909"}],"wp:featuredmedia":[{"embeddable":true,"href":"https:\/\/esreviral.com\/index.php?rest_route=\/wp\/v2\/media\/79908"}],"wp:attachment":[{"href":"https:\/\/esreviral.com\/index.php?rest_route=%2Fwp%2Fv2%2Fmedia&parent=79907"}],"wp:term":[{"taxonomy":"category","embeddable":true,"href":"https:\/\/esreviral.com\/index.php?rest_route=%2Fwp%2Fv2%2Fcategories&post=79907"},{"taxonomy":"post_tag","embeddable":true,"href":"https:\/\/esreviral.com\/index.php?rest_route=%2Fwp%2Fv2%2Ftags&post=79907"}],"curies":[{"name":"wp","href":"https:\/\/api.w.org\/{rel}","templated":true}]}}