{"id":79893,"date":"2025-09-01T08:17:14","date_gmt":"2025-09-01T13:17:14","guid":{"rendered":"https:\/\/esreviral.com\/?p=79893"},"modified":"2025-09-01T08:17:15","modified_gmt":"2025-09-01T13:17:15","slug":"los-milei-no-pudieron-y-lla-quedo-de-4ta-en-corrientes","status":"publish","type":"post","link":"https:\/\/esreviral.com\/?p=79893","title":{"rendered":"Los Milei no pudieron y LLA qued\u00f3 de 4ta en Corrientes"},"content":{"rendered":"\n<p>Seg\u00fan los datos provisorios,<strong> Lisandro Almir\u00f3n, candidato a gobernador de Corrientes por La Libertad Avanza, termin\u00f3 en cuarto lugar en los comicios de este domingo<\/strong>. El hermano del actual gobernador, Gustavo Vald\u00e9s, se impuso en primera vuelta, mientras que Almir\u00f3n fue superado por los principales referentes de la oposici\u00f3n: Mart\u00edn \u201cTincho\u201d Asc\u00faa (peronista) y Ricardo Colombi (ECO), que se ubicaron segundo y tercero, respectivamente.<\/p>\n\n\n\n<p>El diputado nacional alcanz\u00f3 apenas cerca del 10% de los votos, tras una campa\u00f1a marcada por incidentes y denuncias de presuntas irregularidades. Este resultado se produce a una semana de las elecciones legislativas en la provincia de Buenos Aires, donde La Libertad Avanza espera consolidar su alianza con el PRO y vencer al peronismo.<\/p>\n\n\n\n<p class=\"has-text-align-center\"><strong><a href=\"https:\/\/chat.whatsapp.com\/KWkTmakY3I05kNdd2oZl6d\"><em>\u00daNETE A NUESTRO GRUPO DE WHATSAPP PARA ESTAR INFORMADO<\/em><\/a><\/strong><\/p>\n\n\n\n<figure class=\"wp-block-image size-large\"><img decoding=\"async\" src=\"https:\/\/www.infobae.com\/resizer\/v2\/AVQHNIHUQVF2NCGORWUZCDPZWI.jpg?auth=db26fb314b80a46002210ae083e07c7460603f5b488a6b3ae75fbf17f16c09b9&amp;smart=true&amp;width=992&amp;height=744&amp;quality=85\" alt=\"\"\/><figcaption class=\"wp-element-caption\">Almir\u00f3n votando.-<\/figcaption><\/figure>\n\n\n\n<h3 class=\"wp-block-heading\"><strong><mark style=\"background-color:rgba(0, 0, 0, 0)\" class=\"has-inline-color has-vivid-red-color\">Denuncias de irregularidades y tensiones durante la campa\u00f1a<\/mark><\/strong><\/h3>\n\n\n\n<p>Antes de conocerse los resultados, el presidente Javier Milei comparti\u00f3 en redes sociales videos que muestran a militantes del oficialismo correntino supuestamente repartiendo bolsas de mercader\u00eda con listas de sus dirigentes en su interior. Adem\u00e1s, retuite\u00f3 un fragmento de un programa local en el que se denunciaba la falta de boletas de La Libertad Avanza en las escuelas, bloqueos en rutas y casos de votantes que no pudieron sufragar.<\/p>\n\n\n\n<p>Por su parte, Karina Milei, secretaria general de la Presidencia y m\u00e1xima autoridad de La Libertad Avanza en el pa\u00eds, no acompa\u00f1\u00f3 a Almir\u00f3n el domingo. D\u00edas antes, hab\u00eda encabezado el cierre de campa\u00f1a en la capital correntina, que termin\u00f3 con disturbios.<\/p>\n\n\n\n<p>Durante esa recorrida, un grupo de manifestantes comenz\u00f3 a agredir verbal y f\u00edsicamente a la comitiva libertaria, que inclu\u00eda al presidente de la C\u00e1mara de Diputados, Mart\u00edn Menem. La custodia oficial evacu\u00f3 a las autoridades, mientras la polic\u00eda detuvo a dos personas se\u00f1aladas como responsables de los ataques.<\/p>\n\n\n\n<p>El influencer I\u00f1aki Guti\u00e9rrez, presente en el lugar, declar\u00f3: \u201c\u00c9l le peg\u00f3 una patada al auto. Cuando vean el video, se dar\u00e1n cuenta de que tenemos raz\u00f3n. Pate\u00f3 un auto oficial\u201d.<\/p>\n\n\n\n<figure class=\"wp-block-image size-large\"><img decoding=\"async\" src=\"https:\/\/www.infobae.com\/resizer\/v2\/WBST5KD4ZJF4TC2DL2SQYU4SOI.jpg?auth=40d78ceae9094d76b72733a0706b0bc93b8dcb7e2ece7e1149c29731090496e0&amp;smart=true&amp;width=992&amp;height=558&amp;quality=85\" alt=\"\"\/><figcaption class=\"wp-element-caption\">Juan Pablo Vald\u00e9s fue el ganador de la jornada.-<\/figcaption><\/figure>\n\n\n\n<h3 class=\"wp-block-heading\"><strong><mark style=\"background-color:rgba(0, 0, 0, 0)\" class=\"has-inline-color has-vivid-red-color\">Reacciones de los partidos<\/mark><\/strong><\/h3>\n\n\n\n<p>La Libertad Avanza responsabiliz\u00f3 al gobernador Gustavo Vald\u00e9s por los incidentes y sostuvo que \u201cla marcha se vio empa\u00f1ada por el violento accionar de un grupo de manifestantes pol\u00edticos identificados con el oficialismo\u201d. Seg\u00fan el comunicado, los hechos obligaron a suspender la caravana para resguardar a vecinos y comerciantes.<\/p>\n\n\n\n<p>El oficialismo provincial, por su parte, calific\u00f3 los sucesos como \u201cun forcejeo entre dirigentes de distintas fuerzas\u201d y afirm\u00f3 que los libertarios pidieron que no interviniera la polic\u00eda, aunque esta actu\u00f3 de todos modos. El gobernador Vald\u00e9s agreg\u00f3: \u201cTuvimos una campa\u00f1a pol\u00edtica realmente muy sucia, nunca tuve memoria de una campa\u00f1a tan sucia, pero ojal\u00e1 que se pueda superar y hacer una campa\u00f1a electoral verdadera y limpia, donde los candidatos puedan presentar propuestas\u201d.<\/p>\n\n\n\n<p><strong>Finalmente,  las elecciones en Buenos Aires se realizar\u00e1n este domingo 7 de septiembre.<\/strong><\/p>\n\n\n\n<p class=\"has-text-align-center\"><em><strong><em><strong><em><strong><em><strong><a href=\"https:\/\/t.me\/esreviral\">\u00daNETE A NUESTRO CANAL DE TELEGRAM PARA ESTAR INFORMADO<\/a><\/strong><\/em><\/strong><\/em><\/strong><\/em><\/strong><\/em><\/p>\n\n\n\n<p class=\"has-text-align-right\"><strong><em>Con Informaci\u00f3n de infobae.com.-<\/em><\/strong><\/p>\n","protected":false},"excerpt":{"rendered":"<p>Lisandro Almir\u00f3n apenas se acerc\u00f3 al 10% de los votos, muy lejos de las expectativas previas. La secretaria general de la Presidencia, Karina Milei, no viaj\u00f3 para la votaci\u00f3n. Las autoridades del partido cerraron la campa\u00f1a en la provincia d\u00edas atr\u00e1s, con una recorrida que termin\u00f3 con incidentes<\/p>\n","protected":false},"author":3,"featured_media":79899,"comment_status":"closed","ping_status":"closed","sticky":false,"template":"","format":"standard","meta":{"jnews-multi-image_gallery":[],"jnews_single_post":{"format":"standard"},"jnews_primary_category":[],"jnews_social_meta":[],"jnews_review":[],"enable_review":"","type":"","name":"","summary":"","brand":"","sku":"","good":[],"bad":[],"score_override":"","override_value":"","rating":[],"price":[],"jnews_override_counter":[],"jnews_post_split":[],"footnotes":""},"categories":[58,59],"tags":[44,1118,20034,35219,16956,2430,1158,11982,45],"class_list":["post-79893","post","type-post","status-publish","format-standard","has-post-thumbnail","hentry","category-argentina","category-politica","tag-argentina","tag-corrientes","tag-elecciones-2025","tag-elecciones-corrientes-2025","tag-gobernador-de-corrientes","tag-gobierno","tag-javier-milei","tag-la-libertad-avanza","tag-noticias"],"_links":{"self":[{"href":"https:\/\/esreviral.com\/index.php?rest_route=\/wp\/v2\/posts\/79893","targetHints":{"allow":["GET"]}}],"collection":[{"href":"https:\/\/esreviral.com\/index.php?rest_route=\/wp\/v2\/posts"}],"about":[{"href":"https:\/\/esreviral.com\/index.php?rest_route=\/wp\/v2\/types\/post"}],"author":[{"embeddable":true,"href":"https:\/\/esreviral.com\/index.php?rest_route=\/wp\/v2\/users\/3"}],"replies":[{"embeddable":true,"href":"https:\/\/esreviral.com\/index.php?rest_route=%2Fwp%2Fv2%2Fcomments&post=79893"}],"version-history":[{"count":2,"href":"https:\/\/esreviral.com\/index.php?rest_route=\/wp\/v2\/posts\/79893\/revisions"}],"predecessor-version":[{"id":79900,"href":"https:\/\/esreviral.com\/index.php?rest_route=\/wp\/v2\/posts\/79893\/revisions\/79900"}],"wp:featuredmedia":[{"embeddable":true,"href":"https:\/\/esreviral.com\/index.php?rest_route=\/wp\/v2\/media\/79899"}],"wp:attachment":[{"href":"https:\/\/esreviral.com\/index.php?rest_route=%2Fwp%2Fv2%2Fmedia&parent=79893"}],"wp:term":[{"taxonomy":"category","embeddable":true,"href":"https:\/\/esreviral.com\/index.php?rest_route=%2Fwp%2Fv2%2Fcategories&post=79893"},{"taxonomy":"post_tag","embeddable":true,"href":"https:\/\/esreviral.com\/index.php?rest_route=%2Fwp%2Fv2%2Ftags&post=79893"}],"curies":[{"name":"wp","href":"https:\/\/api.w.org\/{rel}","templated":true}]}}