{"id":79845,"date":"2025-08-29T15:07:04","date_gmt":"2025-08-29T20:07:04","guid":{"rendered":"https:\/\/esreviral.com\/?p=79845"},"modified":"2025-08-29T15:07:05","modified_gmt":"2025-08-29T20:07:05","slug":"siguen-las-disputas-entre-las-asociaciones-venezolanas-y-otra-se-desliga-de-focva","status":"publish","type":"post","link":"https:\/\/esreviral.com\/?p=79845","title":{"rendered":"Siguen las disputas entre las asociaciones venezolanas y otra se desliga de FOCVA"},"content":{"rendered":"\n<p><strong><em>CIS.- <\/em><\/strong> <strong>La Asociaci\u00f3n de Venezolanos en C\u00f3rdoba (ACVCA) <\/strong>anunci\u00f3 a trav\u00e9s de un comunicado en sus<strong> redes sociales la \u00ab<em>desvinculaci\u00f3n y renuncia<\/em>\u00bb de la Federaci\u00f3n de Organizaciones de la Sociedad Civil de Venezolanos en la Rep\u00fablica Argentina (FOCVA).<\/strong><\/p>\n\n\n\n<p><strong>En el comunicado no expresaron las razones de la renuncia,<\/strong> sin embargo, tanto <strong>Asoven como Lazos de Libertad<\/strong>, en su momento explicaron que las acciones emprendidas ya<strong> no se alineaban con sus principios. <\/strong>Es la segunda baja en menos de tres d\u00edas que recibe <strong>FOCVA<\/strong> lo que significa un golpe bajo a la directiva y al trabajo de uni\u00f3n que hab\u00edan mantenido desde sus inicios.<\/p>\n\n\n\n<h3 class=\"wp-block-heading\"><strong><em><a href=\"https:\/\/esreviral.com\/?p=79733\" data-type=\"link\" data-id=\"https:\/\/esreviral.com\/?p=79733\">Lea Tambi\u00e9n: Disputa entre venezolanos: Una asociaci\u00f3n fundadora de FOCVA tambi\u00e9n se deslig\u00f3 de esa federaci\u00f3n<\/a><\/em><\/strong><\/h3>\n\n\n\n<p><\/p>\n\n\n<div class=\"wp-block-image\">\n<figure class=\"aligncenter size-large\"><img fetchpriority=\"high\" decoding=\"async\" width=\"724\" height=\"1024\" src=\"https:\/\/esreviral.com\/wp-content\/uploads\/2025\/08\/AnyConv.com__WhatsApp-Image-2025-08-29-at-3.51.06-PM-724x1024.webp\" alt=\"\" class=\"wp-image-79846\" srcset=\"https:\/\/esreviral.com\/wp-content\/uploads\/2025\/08\/AnyConv.com__WhatsApp-Image-2025-08-29-at-3.51.06-PM-724x1024.webp 724w, https:\/\/esreviral.com\/wp-content\/uploads\/2025\/08\/AnyConv.com__WhatsApp-Image-2025-08-29-at-3.51.06-PM-212x300.webp 212w, https:\/\/esreviral.com\/wp-content\/uploads\/2025\/08\/AnyConv.com__WhatsApp-Image-2025-08-29-at-3.51.06-PM-768x1086.webp 768w, https:\/\/esreviral.com\/wp-content\/uploads\/2025\/08\/AnyConv.com__WhatsApp-Image-2025-08-29-at-3.51.06-PM-1086x1536.webp 1086w, https:\/\/esreviral.com\/wp-content\/uploads\/2025\/08\/AnyConv.com__WhatsApp-Image-2025-08-29-at-3.51.06-PM.webp 1131w\" sizes=\"(max-width: 724px) 100vw, 724px\" \/><\/figure>\n<\/div>\n\n\n<p><\/p>\n\n\n\n<p><strong>Se le consult\u00f3 al presidente de FOCVA y vicepresidente de la Coalici\u00f3n por Venezuela, Christian S\u00e1nchez, quien prefiri\u00f3 guardar silencio ante la renuncia de las asociaciones a la federaci\u00f3n que dirige.<\/strong><\/p>\n\n\n\n<p><strong>Es de recordar que el expresidente de Asoven, Vicenzo pensa, fue presidente de FOCVA y posterior tesorero mientras que Lormys Rojas, presidenta de Lazos de Libertad, fue parte de la directiva de FOCVA.<\/strong><\/p>\n\n\n\n<p>No se descarta que en los pr\u00f3ximos d\u00edas haya un pronunciamiento por parte de ellos y que otras asociaciones tambi\u00e9n se retiren.<\/p>\n\n\n\n<p><\/p>\n","protected":false},"excerpt":{"rendered":"<p>CIS.- La Asociaci\u00f3n de Venezolanos en C\u00f3rdoba (ACVCA) anunci\u00f3 a trav\u00e9s de un comunicado en sus redes sociales la \u00abdesvinculaci\u00f3n y renuncia\u00bb de la Federaci\u00f3n de Organizaciones de la Sociedad Civil de Venezolanos en la Rep\u00fablica Argentina (FOCVA). En el comunicado no expresaron las razones de la renuncia, sin embargo, tanto Asoven como Lazos de [&hellip;]<\/p>\n","protected":false},"author":3,"featured_media":79848,"comment_status":"closed","ping_status":"closed","sticky":false,"template":"","format":"standard","meta":{"jnews-multi-image_gallery":[],"jnews_single_post":{"format":"standard"},"jnews_primary_category":[],"jnews_social_meta":[],"jnews_review":[],"enable_review":"","type":"","name":"","summary":"","brand":"","sku":"","good":[],"bad":[],"score_override":"","override_value":"","rating":[],"price":[],"jnews_override_counter":[],"jnews_post_split":[],"footnotes":""},"categories":[43,5892],"tags":[35198,35197,922,35196,14808,45,1714,67],"class_list":["post-79845","post","type-post","status-publish","format-standard","has-post-thumbnail","hentry","category-actualidad","category-venezolanos-en-argentina","tag-acvca","tag-asociacion-de-venezolanos-en-cordoba","tag-asociaciones-venezolanas","tag-disputas","tag-focva","tag-noticias","tag-redes-sociales","tag-venezolanos-en-argentina"],"_links":{"self":[{"href":"https:\/\/esreviral.com\/index.php?rest_route=\/wp\/v2\/posts\/79845","targetHints":{"allow":["GET"]}}],"collection":[{"href":"https:\/\/esreviral.com\/index.php?rest_route=\/wp\/v2\/posts"}],"about":[{"href":"https:\/\/esreviral.com\/index.php?rest_route=\/wp\/v2\/types\/post"}],"author":[{"embeddable":true,"href":"https:\/\/esreviral.com\/index.php?rest_route=\/wp\/v2\/users\/3"}],"replies":[{"embeddable":true,"href":"https:\/\/esreviral.com\/index.php?rest_route=%2Fwp%2Fv2%2Fcomments&post=79845"}],"version-history":[{"count":2,"href":"https:\/\/esreviral.com\/index.php?rest_route=\/wp\/v2\/posts\/79845\/revisions"}],"predecessor-version":[{"id":79849,"href":"https:\/\/esreviral.com\/index.php?rest_route=\/wp\/v2\/posts\/79845\/revisions\/79849"}],"wp:featuredmedia":[{"embeddable":true,"href":"https:\/\/esreviral.com\/index.php?rest_route=\/wp\/v2\/media\/79848"}],"wp:attachment":[{"href":"https:\/\/esreviral.com\/index.php?rest_route=%2Fwp%2Fv2%2Fmedia&parent=79845"}],"wp:term":[{"taxonomy":"category","embeddable":true,"href":"https:\/\/esreviral.com\/index.php?rest_route=%2Fwp%2Fv2%2Fcategories&post=79845"},{"taxonomy":"post_tag","embeddable":true,"href":"https:\/\/esreviral.com\/index.php?rest_route=%2Fwp%2Fv2%2Ftags&post=79845"}],"curies":[{"name":"wp","href":"https:\/\/api.w.org\/{rel}","templated":true}]}}