{"id":79802,"date":"2025-08-29T07:06:39","date_gmt":"2025-08-29T12:06:39","guid":{"rendered":"https:\/\/esreviral.com\/?p=79802"},"modified":"2025-08-29T07:06:40","modified_gmt":"2025-08-29T12:06:40","slug":"llega-la-tormenta-de-santa-rosa-acompanada-de-vientos-fuertes-a-buenos-aires-que-dia-y-a-que-hora-se-espera","status":"publish","type":"post","link":"https:\/\/esreviral.com\/?p=79802","title":{"rendered":"Llega la Tormenta de Santa Rosa acompa\u00f1ada de vientos fuertes a Buenos Aires: qu\u00e9 d\u00eda y a qu\u00e9 hora se espera"},"content":{"rendered":"\n<p>El Servicio Meteorol\u00f3gico Nacional (SMN) public\u00f3 su pron\u00f3stico para el \u00c1rea Metropolitana de Buenos Aires (AMBA) y advirti\u00f3 que el <strong>fin de semana estar\u00e1 marcado por tormentas y lluvias aisladas<\/strong>, acompa\u00f1adas de <strong>fuertes r\u00e1fagas de viento que podr\u00edan alcanzar hasta 59 km\/h<\/strong>.<\/p>\n\n\n\n<p>\ud83d\udccc <strong>\u00bfCu\u00e1ndo llegar\u00e1n las tormentas?<\/strong><br>Las condiciones inestables comenzar\u00e1n el <strong>s\u00e1bado por la tarde<\/strong> y se extender\u00e1n hasta la <strong>noche del domingo<\/strong>.<\/p>\n\n\n\n<p><\/p>\n\n\n\n<p class=\"has-text-align-center\"><strong><a href=\"https:\/\/chat.whatsapp.com\/KWkTmakY3I05kNdd2oZl6d\"><em>\u00daNETE A NUESTRO GRUPO DE WHATSAPP PARA ESTAR INFORMADO<\/em><\/a><\/strong><\/p>\n\n\n\n<figure class=\"wp-block-image size-large\"><img decoding=\"async\" src=\"https:\/\/tn.com.ar\/resizer\/v2\/cuando-llegan-las-lluvias-a-buenos-aires-captura-smn-O3UGEICVHJEEFHV3PUSC6VFFCQ.PNG?auth=488eeea6eee971992e0d78499acf9e5e3031acf287a83cd9e1f4f2a13fb9541c&amp;width=1440\" alt=\"\"\/><\/figure>\n\n\n\n<p><\/p>\n\n\n\n<h3 class=\"wp-block-heading\"><strong><mark style=\"background-color:rgba(0, 0, 0, 0)\" class=\"has-inline-color has-vivid-red-color\">\ud83c\udf24\ufe0f Pron\u00f3stico d\u00eda por d\u00eda en Buenos Aires:<\/mark><\/strong><\/h3>\n\n\n\n<ul class=\"wp-block-list\">\n<li><strong>Jueves 28:<\/strong> cielo algo nublado. M\u00ednima 12\u00b0, m\u00e1xima 22\u00b0.<\/li>\n\n\n\n<li><strong>Viernes 29:<\/strong> jornada mayormente nublada. M\u00ednima 13\u00b0, m\u00e1xima 22\u00b0.<\/li>\n\n\n\n<li><strong>S\u00e1bado 30:<\/strong> cielo nublado en la ma\u00f1ana (10% de probabilidad de lluvia). Por la tarde, chances de tormentas aisladas (40-70%). Viento con r\u00e1fagas de hasta 50 km\/h. M\u00ednima 14\u00b0, m\u00e1xima 19\u00b0.<\/li>\n\n\n\n<li><strong>Domingo 31:<\/strong> probabilidad de lluvias aisladas entre 40% y 70% durante todo el d\u00eda. R\u00e1fagas de 50 km\/h en la ma\u00f1ana y hasta 59 km\/h por la tarde. M\u00ednima 15\u00b0, m\u00e1xima 19\u00b0.<\/li>\n<\/ul>\n\n\n\n<p><\/p>\n\n\n\n<p class=\"has-text-align-center\"><em><strong><em><strong><em><strong><em><strong><a href=\"https:\/\/t.me\/esreviral\">\u00daNETE A NUESTRO CANAL DE TELEGRAM PARA ESTAR INFORMADO<\/a><\/strong><\/em><\/strong><\/em><\/strong><\/em><\/strong><\/em><\/p>\n\n\n\n<p class=\"has-text-align-right\"><strong><em>Con Informaci\u00f3n de TN.-<\/em><\/strong><\/p>\n","protected":false},"excerpt":{"rendered":"<p>Conoce el pron\u00f3stico del tiempo para los pr\u00f3ximos d\u00edas en CABA y el conurbano.<\/p>\n","protected":false},"author":3,"featured_media":79803,"comment_status":"closed","ping_status":"closed","sticky":false,"template":"","format":"standard","meta":{"jnews-multi-image_gallery":[],"jnews_single_post":{"format":"standard"},"jnews_primary_category":[],"jnews_social_meta":[],"jnews_review":[],"enable_review":"","type":"","name":"","summary":"","brand":"","sku":"","good":[],"bad":[],"score_override":"","override_value":"","rating":[],"price":[],"jnews_override_counter":[],"jnews_post_split":[],"footnotes":""},"categories":[58],"tags":[44,124,1016,45,2514,1868],"class_list":["post-79802","post","type-post","status-publish","format-standard","has-post-thumbnail","hentry","category-argentina","tag-argentina","tag-buenos-aires","tag-clima","tag-noticias","tag-smn","tag-tormenta"],"_links":{"self":[{"href":"https:\/\/esreviral.com\/index.php?rest_route=\/wp\/v2\/posts\/79802","targetHints":{"allow":["GET"]}}],"collection":[{"href":"https:\/\/esreviral.com\/index.php?rest_route=\/wp\/v2\/posts"}],"about":[{"href":"https:\/\/esreviral.com\/index.php?rest_route=\/wp\/v2\/types\/post"}],"author":[{"embeddable":true,"href":"https:\/\/esreviral.com\/index.php?rest_route=\/wp\/v2\/users\/3"}],"replies":[{"embeddable":true,"href":"https:\/\/esreviral.com\/index.php?rest_route=%2Fwp%2Fv2%2Fcomments&post=79802"}],"version-history":[{"count":1,"href":"https:\/\/esreviral.com\/index.php?rest_route=\/wp\/v2\/posts\/79802\/revisions"}],"predecessor-version":[{"id":79804,"href":"https:\/\/esreviral.com\/index.php?rest_route=\/wp\/v2\/posts\/79802\/revisions\/79804"}],"wp:featuredmedia":[{"embeddable":true,"href":"https:\/\/esreviral.com\/index.php?rest_route=\/wp\/v2\/media\/79803"}],"wp:attachment":[{"href":"https:\/\/esreviral.com\/index.php?rest_route=%2Fwp%2Fv2%2Fmedia&parent=79802"}],"wp:term":[{"taxonomy":"category","embeddable":true,"href":"https:\/\/esreviral.com\/index.php?rest_route=%2Fwp%2Fv2%2Fcategories&post=79802"},{"taxonomy":"post_tag","embeddable":true,"href":"https:\/\/esreviral.com\/index.php?rest_route=%2Fwp%2Fv2%2Ftags&post=79802"}],"curies":[{"name":"wp","href":"https:\/\/api.w.org\/{rel}","templated":true}]}}