{"id":79771,"date":"2025-08-28T12:31:49","date_gmt":"2025-08-28T17:31:49","guid":{"rendered":"https:\/\/esreviral.com\/?p=79771"},"modified":"2025-08-28T14:22:17","modified_gmt":"2025-08-28T19:22:17","slug":"linea-mitre-dos-de-sus-ramales-no-funcionaran-durante-tres-dias","status":"publish","type":"post","link":"https:\/\/esreviral.com\/?p=79771","title":{"rendered":"L\u00ednea Mitre: Dos de sus ramales no funcionar\u00e1n durante tres d\u00edas"},"content":{"rendered":"\n<p>Los ramales <strong>Jos\u00e9 Le\u00f3n Su\u00e1rez<\/strong> y <strong>Bartolom\u00e9 Mitre<\/strong> del tren Mitre estar\u00e1n interrumpidos los d\u00edas <strong>s\u00e1bado 30 y domingo 31 de agosto, y lunes 1\u00b0 de septiembre<\/strong>, debido a trabajos de reparaci\u00f3n en el recorrido, inform\u00f3 la empresa concesionaria <strong>Trenes Argentinos<\/strong>. En caso de lluvia, las obras podr\u00edan suspenderse.<\/p>\n\n\n\n<p>En el <strong>ramal Jos\u00e9 Le\u00f3n Su\u00e1rez<\/strong>, la interrupci\u00f3n se debe a la ampliaci\u00f3n del paso bajo nivel en la intersecci\u00f3n de la <strong>avenida del Fomentista<\/strong>, entre las estaciones <strong>Pueyrred\u00f3n<\/strong> y <strong>Miguelete<\/strong>. Estas tareas, que corresponden al <strong>Gobierno de la Ciudad de Buenos Aires<\/strong>, requieren el acondicionamiento de las v\u00edas sobre los puentes, lo que imposibilita la circulaci\u00f3n ferroviaria durante la obra.<\/p>\n\n\n\n<p>En tanto, el <strong>ramal Bartolom\u00e9 Mitre<\/strong> permanecer\u00e1 interrumpido durante 72 horas por tareas de acondicionamiento en el puente de <strong>Figueroa Alcorta<\/strong>, como parte de la <strong>Emergencia Ferroviaria<\/strong> decretada por el Gobierno Nacional y gestionada a trav\u00e9s de la Secretar\u00eda de Transporte.<\/p>\n\n\n\n<p class=\"has-text-align-center\"><strong><a href=\"https:\/\/chat.whatsapp.com\/KWkTmakY3I05kNdd2oZl6d\"><em>\u00daNETE A NUESTRO GRUPO DE WHATSAPP PARA ESTAR INFORMADO<\/em><\/a><\/strong><\/p>\n\n\n<div class=\"wp-block-image\">\n<figure class=\"aligncenter size-large\"><img decoding=\"async\" src=\"https:\/\/www.clarin.com\/img\/2025\/08\/28\/RfpGwM2VI_720x0__1.jpg\" alt=\"\"\/><\/figure><\/div>\n\n\n<p><\/p>\n\n\n\n<p>Seg\u00fan Trenes Argentinos, la intervenci\u00f3n incluye el <strong>retiro de las v\u00edas existentes, excavaci\u00f3n para la colocaci\u00f3n de una nueva estructura, reemplazo de piedra balasto, mecanizado y nivelaci\u00f3n del tendido ferroviario, adem\u00e1s de la limpieza de desag\u00fces<\/strong>. Estas tareas se desarrollar\u00e1n en el tramo comprendido entre las estaciones <strong>Retiro<\/strong> y <strong>3 de Febrero<\/strong>.<\/p>\n\n\n\n<p>Por su parte, el <strong>ramal Tigre<\/strong> funcionar\u00e1 con sus frecuencias habituales sin afectaci\u00f3n durante las tres jornadas. En cambio, los <strong>servicios de larga distancia Retiro-Rosario, C\u00f3rdoba y Tucum\u00e1n<\/strong> no prestar\u00e1n servicio en esas fechas.<\/p>\n\n\n\n<p>Para m\u00e1s informaci\u00f3n sobre los servicios y actualizaciones, los usuarios pueden ingresar al sitio web o a la aplicaci\u00f3n oficial de <strong>Trenes Argentinos<\/strong>.<\/p>\n\n\n\n<p class=\"has-text-align-center\"><em><strong><em><strong><em><strong><em><strong><a href=\"https:\/\/t.me\/esreviral\">\u00daNETE A NUESTRO CANAL DE TELEGRAM PARA ESTAR INFORMADO<\/a><\/strong><\/em><\/strong><\/em><\/strong><\/em><\/strong><\/em><\/p>\n\n\n\n<p class=\"has-text-align-right\"><strong><em>Con Informaci\u00f3n de Clarin.-<\/em><\/strong><\/p>\n","protected":false},"excerpt":{"rendered":"<p>Ser\u00e1n los ramales Jos\u00e9 Le\u00f3n Su\u00e1rez y Bartolom\u00e9 Mitre, seg\u00fan anunci\u00f3 Trenes Argentinos.<br \/>\nEl ramal Tigre funcionar\u00e1 con normalidad y no habr\u00e1 servicio de larga distancia.<\/p>\n","protected":false},"author":3,"featured_media":79772,"comment_status":"closed","ping_status":"closed","sticky":false,"template":"","format":"standard","meta":{"jnews-multi-image_gallery":[],"jnews_single_post":{"format":"standard"},"jnews_primary_category":[],"jnews_social_meta":[],"jnews_review":[],"enable_review":"","type":"","name":"","summary":"","brand":"","sku":"","good":[],"bad":[],"score_override":"","override_value":"","rating":[],"price":[],"jnews_override_counter":[],"jnews_post_split":[],"footnotes":""},"categories":[58],"tags":[44,45,8544,2125,4179],"class_list":["post-79771","post","type-post","status-publish","format-standard","has-post-thumbnail","hentry","category-argentina","tag-argentina","tag-noticias","tag-tren-mitre","tag-trenes","tag-trenes-argentinos"],"amp_enabled":true,"_links":{"self":[{"href":"https:\/\/esreviral.com\/index.php?rest_route=\/wp\/v2\/posts\/79771"}],"collection":[{"href":"https:\/\/esreviral.com\/index.php?rest_route=\/wp\/v2\/posts"}],"about":[{"href":"https:\/\/esreviral.com\/index.php?rest_route=\/wp\/v2\/types\/post"}],"author":[{"embeddable":true,"href":"https:\/\/esreviral.com\/index.php?rest_route=\/wp\/v2\/users\/3"}],"replies":[{"embeddable":true,"href":"https:\/\/esreviral.com\/index.php?rest_route=%2Fwp%2Fv2%2Fcomments&post=79771"}],"version-history":[{"count":1,"href":"https:\/\/esreviral.com\/index.php?rest_route=\/wp\/v2\/posts\/79771\/revisions"}],"predecessor-version":[{"id":79773,"href":"https:\/\/esreviral.com\/index.php?rest_route=\/wp\/v2\/posts\/79771\/revisions\/79773"}],"wp:featuredmedia":[{"embeddable":true,"href":"https:\/\/esreviral.com\/index.php?rest_route=\/wp\/v2\/media\/79772"}],"wp:attachment":[{"href":"https:\/\/esreviral.com\/index.php?rest_route=%2Fwp%2Fv2%2Fmedia&parent=79771"}],"wp:term":[{"taxonomy":"category","embeddable":true,"href":"https:\/\/esreviral.com\/index.php?rest_route=%2Fwp%2Fv2%2Fcategories&post=79771"},{"taxonomy":"post_tag","embeddable":true,"href":"https:\/\/esreviral.com\/index.php?rest_route=%2Fwp%2Fv2%2Ftags&post=79771"}],"curies":[{"name":"wp","href":"https:\/\/api.w.org\/{rel}","templated":true}]}}