{"id":79739,"date":"2025-08-28T08:19:51","date_gmt":"2025-08-28T13:19:51","guid":{"rendered":"https:\/\/esreviral.com\/?p=79739"},"modified":"2025-08-28T08:21:51","modified_gmt":"2025-08-28T13:21:51","slug":"enrique-iglesias-sera-padre-por-cuarta-vez-a-los-50-anos-de-edad-amplia-su-familia-numerosa-con-su-esposa","status":"publish","type":"post","link":"https:\/\/esreviral.com\/?p=79739","title":{"rendered":"Enrique Iglesias ser\u00e1 padre por cuarta vez a los 50 a\u00f1os de edad: ampl\u00eda su familia numerosa con su esposa"},"content":{"rendered":"\n<p>El cantante espa\u00f1ol <strong>Enrique Iglesias<\/strong> y la extenista rusa <strong>Anna Kournikova<\/strong> ampliar\u00e1n su familia: esperan la llegada de su <strong>cuarto hijo<\/strong>, seg\u00fan confirm\u00f3 la revista <em>\u00a1Hola!<\/em> con im\u00e1genes de Anna en Miami, Estados Unidos, mostrando un avanzado embarazo.<\/p>\n\n\n\n<p class=\"has-text-align-center\"><strong><a href=\"https:\/\/chat.whatsapp.com\/KWkTmakY3I05kNdd2oZl6d\"><em>\u00daNETE A NUESTRO GRUPO DE WHATSAPP PARA ESTAR INFORMADO<\/em><\/a><\/strong><\/p>\n\n\n<div class=\"wp-block-image\">\n<figure class=\"aligncenter size-large\"><img decoding=\"async\" src=\"https:\/\/www.univision.com\/_next\/image?url=https%3A%2F%2Fst1.uvnimg.com%2Fea%2Fa8%2F4365b3014b43b15f56a72c9e4164%2Fnew-project-2025-06-28t155211.161.jpg&amp;w=550&amp;q=75\" alt=\"\"\/><figcaption class=\"wp-element-caption\">Las fotos que levantaron sospecha sobre un posible nuevo embarazo de Anna Kournikova<\/figcaption><\/figure><\/div>\n\n\n<p>De acuerdo con la publicaci\u00f3n, la <strong>exdeportista <\/strong>de 44 a\u00f1os de edad se encuentra en la mitad de la gestaci\u00f3n, por lo que el nacimiento se prev\u00e9 para finales de este 2025. Iglesias, de 50, y Kournikova ya son padres de <strong>los mellizos Lucy y Nicol\u00e1s (7 a\u00f1os) y de Mary (5)<\/strong>.<\/p>\n\n\n\n<p>La pareja inici\u00f3 su relaci\u00f3n en 2001, tras conocerse en la grabaci\u00f3n del videoclip <em>Escape<\/em>. Desde entonces han mantenido un bajo perfil en cuanto a su vida privada, especialmente durante los embarazos. En esta ocasi\u00f3n no fue diferente: los rumores comenzaron en junio, cuando Anna fue fotografiada en Miami con ropa holgada, y se intensificaron al no acompa\u00f1ar a Enrique en su breve gira por Espa\u00f1a.<\/p>\n\n\n\n<p>El nuevo beb\u00e9 ser\u00e1 adem\u00e1s el <strong>noveno nieto de Isabel Preysler<\/strong>, madre del cantante.<\/p>\n\n\n<div class=\"wp-block-image\">\n<figure class=\"aligncenter size-large\"><img decoding=\"async\" src=\"https:\/\/www.univision.com\/_next\/image?url=https%3A%2F%2Fst1.uvnimg.com%2F6e%2F1c%2Fae3b5a5f4b15bf52bab3559ba603%2Fnew-project-2025-06-28t155001.973.jpg&amp;w=550&amp;q=75\" alt=\"\"\/><figcaption class=\"wp-element-caption\">Anna Kournikova fue captada el 24 de junio en un supermercado de Miami en compa\u00f1\u00eda de sus tres hijos.<\/figcaption><\/figure><\/div>\n\n\n<p>Mientras Enrique contin\u00faa con su gira internacional por M\u00e9xico, India y Emiratos \u00c1rabes, Anna se mantiene en Miami junto a sus hijos, priorizando la vida familiar. El propio artista ha admitido en varias entrevistas que la paternidad le cambi\u00f3 las prioridades: procura no pasar m\u00e1s de dos semanas lejos de sus hijos y disfruta de cada momento en casa.<\/p>\n\n\n\n<p>Con la llegada del cuarto hijo, Enrique y Anna inician una nueva etapa, fieles a su estilo de discreci\u00f3n y alejados del foco medi\u00e1tico, pero atravesando un presente de <strong>felicidad, expectativa y vida en familia<\/strong>.<\/p>\n\n\n\n<p class=\"has-text-align-center\"><em><strong><em><strong><em><strong><em><strong><a href=\"https:\/\/t.me\/esreviral\">\u00daNETE A NUESTRO CANAL DE TELEGRAM PARA ESTAR INFORMADO<\/a><\/strong><\/em><\/strong><\/em><\/strong><\/em><\/strong><\/em><\/p>\n\n\n\n<p class=\"has-text-align-right\"><strong><em>Con Informaci\u00f3n de univision.com.-<\/em><\/strong><\/p>\n\n\n\n<p><\/p>\n","protected":false},"excerpt":{"rendered":"<p>El cantante, de 50 a\u00f1os de edad, y la extenista rusa, de 44 a\u00f1os de edad, esperan un nuevo beb\u00e9 para finales de 2025.<\/p>\n","protected":false},"author":3,"featured_media":79740,"comment_status":"closed","ping_status":"closed","sticky":false,"template":"","format":"standard","meta":{"jnews-multi-image_gallery":[],"jnews_single_post":{"format":"standard"},"jnews_primary_category":[],"jnews_social_meta":[],"jnews_review":[],"enable_review":"","type":"","name":"","summary":"","brand":"","sku":"","good":[],"bad":[],"score_override":"","override_value":"","rating":[],"price":[],"jnews_override_counter":[],"jnews_post_split":[],"footnotes":""},"categories":[50],"tags":[35158,27349,35160,35157,35156,11427,11428,45,35159],"class_list":["post-79739","post","type-post","status-publish","format-standard","has-post-thumbnail","hentry","category-entretenimiento","tag-anna-kournikova","tag-bebes-famosos-2","tag-embarazo-2","tag-enrique-iglesias","tag-exdeportista","tag-famosas-embarazadas","tag-hijos-de-famosos","tag-noticias","tag-padre-por-cuarta-vez"],"amp_enabled":true,"_links":{"self":[{"href":"https:\/\/esreviral.com\/index.php?rest_route=\/wp\/v2\/posts\/79739"}],"collection":[{"href":"https:\/\/esreviral.com\/index.php?rest_route=\/wp\/v2\/posts"}],"about":[{"href":"https:\/\/esreviral.com\/index.php?rest_route=\/wp\/v2\/types\/post"}],"author":[{"embeddable":true,"href":"https:\/\/esreviral.com\/index.php?rest_route=\/wp\/v2\/users\/3"}],"replies":[{"embeddable":true,"href":"https:\/\/esreviral.com\/index.php?rest_route=%2Fwp%2Fv2%2Fcomments&post=79739"}],"version-history":[{"count":1,"href":"https:\/\/esreviral.com\/index.php?rest_route=\/wp\/v2\/posts\/79739\/revisions"}],"predecessor-version":[{"id":79741,"href":"https:\/\/esreviral.com\/index.php?rest_route=\/wp\/v2\/posts\/79739\/revisions\/79741"}],"wp:featuredmedia":[{"embeddable":true,"href":"https:\/\/esreviral.com\/index.php?rest_route=\/wp\/v2\/media\/79740"}],"wp:attachment":[{"href":"https:\/\/esreviral.com\/index.php?rest_route=%2Fwp%2Fv2%2Fmedia&parent=79739"}],"wp:term":[{"taxonomy":"category","embeddable":true,"href":"https:\/\/esreviral.com\/index.php?rest_route=%2Fwp%2Fv2%2Fcategories&post=79739"},{"taxonomy":"post_tag","embeddable":true,"href":"https:\/\/esreviral.com\/index.php?rest_route=%2Fwp%2Fv2%2Ftags&post=79739"}],"curies":[{"name":"wp","href":"https:\/\/api.w.org\/{rel}","templated":true}]}}