{"id":79692,"date":"2025-08-27T09:06:30","date_gmt":"2025-08-27T14:06:30","guid":{"rendered":"https:\/\/esreviral.com\/?p=79692"},"modified":"2025-08-27T09:06:31","modified_gmt":"2025-08-27T14:06:31","slug":"una-diputada-libertaria-sufrio-un-brutal-accidente-cuando-iba-al-congreso-argentino","status":"publish","type":"post","link":"https:\/\/esreviral.com\/?p=79692","title":{"rendered":"Una diputada libertaria sufri\u00f3 un brutal accidente cuando iba al Congreso Argentino"},"content":{"rendered":"\n<p><strong>La diputada nacional Roc\u00edo Bonacci sufri\u00f3 un accidente de tr\u00e1nsito mientras viajaba desde Rosario, su ciudad natal, hacia Buenos Aires por la Autopista 9, para participar en las actividades del Congreso de la Naci\u00f3n este mi\u00e9rcoles.<\/strong><\/p>\n\n\n\n<p>Seg\u00fan inform\u00f3 <em>La Capital<\/em>, la legisladora, que integra la bancada de La Libertad Avanza (LLA), viajaba junto a su padre, Jos\u00e9 Bonacci, dirigente hist\u00f3rico de Santa Fe y titular del partido Unite, en un auto oficial. El veh\u00edculo, un Nissan Sentra, era conducido por un chofer del Congreso, tras el impacto, ocurrido en el kil\u00f3metro 196, el auto qued\u00f3 detenido en la banquina y sufri\u00f3 da\u00f1os principalmente en la parte inferior, tanto delantera como trasera.<\/p>\n\n\n\n<p class=\"has-text-align-center\"><strong><a href=\"https:\/\/chat.whatsapp.com\/KWkTmakY3I05kNdd2oZl6d\"><em>\u00daNETE A NUESTRO GRUPO DE WHATSAPP PARA ESTAR INFORMADO<\/em><\/a><\/strong><\/p>\n\n\n<div class=\"wp-block-image\">\n<figure class=\"aligncenter size-large\"><img decoding=\"async\" src=\"https:\/\/resizer.glanacion.com\/resizer\/v2\/la-foto-de-rocio-bonacci-tras-el-MEUVYRTSLNCINIPLRVD6QUCAXI.jpeg?auth=f332bec287d7fcffdd04cd08cd12b5d2fbe3e6723a1ca0d8b746732d01783a22&amp;width=780&amp;height=1387&amp;quality=70&amp;smart=true\" alt=\"\"\/><\/figure>\n<\/div>\n\n\n<p><\/p>\n\n\n\n<p>En fotos posteriores al accidente, publicadas por <em>Data Clave<\/em>, se puede ver a Bonacci con sangre en la nariz, tirada junto al veh\u00edculo. Sin embargo,  confirm\u00f3 que<strong> la diputada fue trasladada a Ramallo para chequeos m\u00e9dicos y que se encuentra en buen estado de salud.<\/strong><\/p>\n\n\n\n<p>\u201c<strong><em>Estamos bien, yo iba en el auto. El chofer tuvo apnea, se durmi\u00f3, pero no es la primera vez que sucede esto; siempre tienen un manejo peligroso, a 160 kil\u00f3metros por hora\u201d, <\/em><\/strong>asegur\u00f3 Jos\u00e9 Bonacci en un audio enviado a Cadena 3 mientras era trasladado junto a su hija.<\/p>\n\n\n\n<p>El dirigente aprovech\u00f3 para hacer un llamado de atenci\u00f3n al presidente de la C\u00e1mara de Diputados, Mart\u00edn Menem: \u201c<strong><em>Reiteradamente Roc\u00edo se ha quejado y desde Movilidad de la C\u00e1mara no han dado bola. Menem lo hizo\u201d<\/em><\/strong>, dijo, responsabiliz\u00e1ndolo por la seguridad en los traslados oficiales, en un momento delicado para el titular del cuerpo, quien recientemente tuvo que dar explicaciones por acusaciones de coimas vinculadas a su primo Eduardo \u201cLule\u201d Menem y a la secretaria general, Karina Milei.<\/p>\n\n\n\n<p>Bonacci, rosarina de 29 a\u00f1os de edad, asumi\u00f3 como diputada en 2023 y su mandato se extiende hasta 2027. A pesar de varios esc\u00e1ndalos dentro de la bancada libertaria y de mostrarse cercana a Marcela Pagano y Lourdes Arrieta, no se escindi\u00f3 del bloque oficialista.<\/p>\n\n\n\n<p>Antes de asumir su banca, Bonacci se presentaba como \u201cemprendedora\u201d, al frente de un local de manicur\u00eda en Rosario.<\/p>\n\n\n\n<p class=\"has-text-align-center\"><em><strong><em><strong><em><strong><em><strong><a href=\"https:\/\/t.me\/esreviral\">\u00daNETE A NUESTRO CANAL DE TELEGRAM PARA ESTAR INFORMADO<\/a><\/strong><\/em><\/strong><\/em><\/strong><\/em><\/strong><\/em><\/p>\n\n\n\n<p class=\"has-text-align-right\"><strong><em>Con Informaci\u00f3n de LN.-<\/em><\/strong><\/p>\n","protected":false},"excerpt":{"rendered":"<p>La legisladora, oriunda de Rosario, estaba junto a su padre; el auto lo conduc\u00eda un chofer oficial<\/p>\n","protected":false},"author":3,"featured_media":79693,"comment_status":"closed","ping_status":"closed","sticky":false,"template":"","format":"standard","meta":{"jnews-multi-image_gallery":[],"jnews_single_post":{"format":"standard"},"jnews_primary_category":[],"jnews_social_meta":[],"jnews_review":[],"enable_review":"","type":"","name":"","summary":"","brand":"","sku":"","good":[],"bad":[],"score_override":"","override_value":"","rating":[],"price":[],"jnews_override_counter":[],"jnews_post_split":[],"footnotes":""},"categories":[58],"tags":[8097,44,11982,45,35110,217],"class_list":["post-79692","post","type-post","status-publish","format-standard","has-post-thumbnail","hentry","category-argentina","tag-accidente-de-transito-3","tag-argentina","tag-la-libertad-avanza","tag-noticias","tag-rocio-bonacci","tag-rosario"],"_links":{"self":[{"href":"https:\/\/esreviral.com\/index.php?rest_route=\/wp\/v2\/posts\/79692","targetHints":{"allow":["GET"]}}],"collection":[{"href":"https:\/\/esreviral.com\/index.php?rest_route=\/wp\/v2\/posts"}],"about":[{"href":"https:\/\/esreviral.com\/index.php?rest_route=\/wp\/v2\/types\/post"}],"author":[{"embeddable":true,"href":"https:\/\/esreviral.com\/index.php?rest_route=\/wp\/v2\/users\/3"}],"replies":[{"embeddable":true,"href":"https:\/\/esreviral.com\/index.php?rest_route=%2Fwp%2Fv2%2Fcomments&post=79692"}],"version-history":[{"count":1,"href":"https:\/\/esreviral.com\/index.php?rest_route=\/wp\/v2\/posts\/79692\/revisions"}],"predecessor-version":[{"id":79694,"href":"https:\/\/esreviral.com\/index.php?rest_route=\/wp\/v2\/posts\/79692\/revisions\/79694"}],"wp:featuredmedia":[{"embeddable":true,"href":"https:\/\/esreviral.com\/index.php?rest_route=\/wp\/v2\/media\/79693"}],"wp:attachment":[{"href":"https:\/\/esreviral.com\/index.php?rest_route=%2Fwp%2Fv2%2Fmedia&parent=79692"}],"wp:term":[{"taxonomy":"category","embeddable":true,"href":"https:\/\/esreviral.com\/index.php?rest_route=%2Fwp%2Fv2%2Fcategories&post=79692"},{"taxonomy":"post_tag","embeddable":true,"href":"https:\/\/esreviral.com\/index.php?rest_route=%2Fwp%2Fv2%2Ftags&post=79692"}],"curies":[{"name":"wp","href":"https:\/\/api.w.org\/{rel}","templated":true}]}}