{"id":79579,"date":"2025-08-25T13:52:29","date_gmt":"2025-08-25T18:52:29","guid":{"rendered":"https:\/\/esreviral.com\/?p=79579"},"modified":"2025-08-25T13:52:31","modified_gmt":"2025-08-25T18:52:31","slug":"gustavo-petro-dijo-que-el-cartel-de-los-soles-no-existe-es-la-excusa-ficticia-de-la-extrema-derecha","status":"publish","type":"post","link":"https:\/\/esreviral.com\/?p=79579","title":{"rendered":"Gustavo Petro dijo que el Cartel de los Soles no existe: \u00abEs la excusa ficticia de la extrema derecha\u00bb"},"content":{"rendered":"\n<p>El presidente de Colombia, <strong>Gustavo Petro<\/strong>, asegur\u00f3 este lunes que el llamado <em>Cartel de los Soles<\/em> \u201cno existe\u201d y que se trata de una excusa de la \u201cextrema derecha\u201d para intentar derrocar a gobiernos que no se alinean con sus intereses.<\/p>\n\n\n\n<p class=\"has-text-align-center\"><strong><a href=\"https:\/\/chat.whatsapp.com\/KWkTmakY3I05kNdd2oZl6d\"><em>\u00daNETE A NUESTRO GRUPO DE WHATSAPP PARA ESTAR INFORMADO<\/em><\/a><\/strong><\/p>\n\n\n\n<blockquote class=\"twitter-tweet\"><p lang=\"es\" dir=\"ltr\">El cartel de los soles no existe, es la excusa ficticia de la extrema derecha para derribar gobiernos que no les obedecen.<br><br>El paso de coca\u00edna colombiana por Venezuela, lo controla la Junta del narcotr\u00e1fico y sus capos viven en Europa y Oriente medio.<br><br>Le propuse a EEUU y\u2026 <a href=\"https:\/\/t.co\/TGqZMuzaWN\">https:\/\/t.co\/TGqZMuzaWN<\/a><\/p>&mdash; Gustavo Petro (@petrogustavo) <a href=\"https:\/\/twitter.com\/petrogustavo\/status\/1959991404450488658?ref_src=twsrc%5Etfw\">August 25, 2025<\/a><\/blockquote> <script async src=\"https:\/\/platform.twitter.com\/widgets.js\" charset=\"utf-8\"><\/script>\n\n\n\n<blockquote class=\"wp-block-quote is-layout-flow wp-block-quote-is-layout-flow\">\n<p>\u201cEl Cartel de los Soles no existe, es la excusa ficticia de la extrema derecha para derribar gobiernos que no les obedecen\u201d, expres\u00f3 Petro en un mensaje publicado en la red social X.<\/p>\n<\/blockquote>\n\n\n\n<p>La afirmaci\u00f3n del mandatario colombiano se da en medio de las acusaciones de Estados Unidos contra <strong>Nicol\u00e1s Maduro<\/strong>, a quien se\u00f1ala de liderar esa presunta organizaci\u00f3n narcotraficante y terrorista.<\/p>\n\n\n\n<p>El pasado 7 de agosto, la fiscal general estadounidense <strong>Pam Bondi<\/strong> anunci\u00f3 una recompensa de <strong>50 millones de d\u00f3lares<\/strong> por informaci\u00f3n que conduzca a la captura de Maduro. Poco despu\u00e9s, la portavoz de la Casa Blanca, <strong>Karoline Leavitt<\/strong>, vincul\u00f3 directamente el despliegue militar en el Caribe con el r\u00e9gimen venezolano.<\/p>\n\n\n\n<blockquote class=\"wp-block-quote is-layout-flow wp-block-quote-is-layout-flow\">\n<p>\u201cEl presidente Trump usar\u00e1 todo el poder de Estados Unidos para frenar el flujo de drogas y llevar a los culpables ante la justicia. El r\u00e9gimen de Maduro no es el gobierno leg\u00edtimo de Venezuela. Es un cartel narcoterrorista y Maduro no es un presidente leg\u00edtimo\u201d, declar\u00f3 Leavitt.<\/p>\n<\/blockquote>\n\n\n\n<h3 class=\"wp-block-heading\"><strong><mark style=\"background-color:rgba(0, 0, 0, 0)\" class=\"has-inline-color has-vivid-red-color\">\u201cLa junta del narcotr\u00e1fico controla el paso de coca\u00edna\u201d<\/mark><\/strong><\/h3>\n\n\n\n<p>En su mensaje, Petro sostuvo que el tr\u00e1fico de coca\u00edna a trav\u00e9s de Venezuela est\u00e1 bajo el control de lo que denomin\u00f3 una \u201cjunta del narcotr\u00e1fico\u201d, integrada por el <strong>Clan del Golfo<\/strong> \u2014la mayor banda criminal de Colombia\u2014 y dos facciones disidentes de las FARC: el <strong>Estado Mayor Central<\/strong> y la <strong>Segunda Marquetalia<\/strong>.<\/p>\n\n\n\n<blockquote class=\"wp-block-quote is-layout-flow wp-block-quote-is-layout-flow\">\n<p>\u201cEl paso de coca\u00edna colombiana por Venezuela lo controla la junta del narcotr\u00e1fico y sus capos viven en Europa y Oriente Medio\u201d, afirm\u00f3.<\/p>\n<\/blockquote>\n\n\n\n<p>El mandatario se\u00f1al\u00f3 que propuso a <strong>Estados Unidos y Venezuela<\/strong> trabajar de manera conjunta contra ese cartel:<\/p>\n\n\n\n<blockquote class=\"wp-block-quote is-layout-flow wp-block-quote-is-layout-flow\">\n<p>\u201cEs coordinar y no someter. El problema pol\u00edtico de Venezuela se resuelve entre los venezolanos mismos, hablando y con m\u00e1s democracia. Una Venezuela descarbonizada debe ser el prop\u00f3sito\u201d, agreg\u00f3.<\/p>\n<\/blockquote>\n\n\n\n<p>Mientras tanto, la tensi\u00f3n entre <strong>Washington y Caracas<\/strong> sigue en aumento tras el despliegue de tres buques con 4.000 soldados estadounidenses en aguas del Caribe. El gobierno de Maduro respondi\u00f3 que estas acciones constituyen \u201camenazas\u201d que ponen en riesgo la paz y la estabilidad de la regi\u00f3n.<\/p>\n\n\n\n<p><\/p>\n\n\n\n<p class=\"has-text-align-center\"><em><strong><em><strong><em><strong><em><strong><a href=\"https:\/\/t.me\/esreviral\">\u00daNETE A NUESTRO CANAL DE TELEGRAM PARA ESTAR INFORMADO<\/a><\/strong><\/em><\/strong><\/em><\/strong><\/em><\/strong><\/em><\/p>\n\n\n\n<p class=\"has-text-align-right\"><strong><em>Con Informaci\u00f3n de elnacional.com.-<\/em><\/strong><\/p>\n","protected":false},"excerpt":{"rendered":"<p>El mandatario colombiano asegur\u00f3 que el paso de coca\u00edna por Venezuela est\u00e1 controlado por el Clan del Golfo, el Estado Mayor Central y la Segunda Marquetalia. Estados Unidos mantiene una recompensa de 50 millones de d\u00f3lares por informaci\u00f3n que conduzca al arresto de Nicol\u00e1s Maduro por sus presuntos v\u00ednculos con el narcotr\u00e1fico<\/p>\n","protected":false},"author":3,"featured_media":79580,"comment_status":"closed","ping_status":"closed","sticky":false,"template":"","format":"standard","meta":{"jnews-multi-image_gallery":[],"jnews_single_post":{"format":"standard"},"jnews_primary_category":[],"jnews_social_meta":[],"jnews_review":[],"enable_review":"","type":"","name":"","summary":"","brand":"","sku":"","good":[],"bad":[],"score_override":"","override_value":"","rating":[],"price":[],"jnews_override_counter":[],"jnews_post_split":[],"footnotes":""},"categories":[88,59],"tags":[11499,1549,45,2774],"class_list":["post-79579","post","type-post","status-publish","format-standard","has-post-thumbnail","hentry","category-internacionales","category-politica","tag-cartel-de-los-soles","tag-gustavo-petro","tag-noticias","tag-presidente-de-colombia"],"amp_enabled":true,"_links":{"self":[{"href":"https:\/\/esreviral.com\/index.php?rest_route=\/wp\/v2\/posts\/79579"}],"collection":[{"href":"https:\/\/esreviral.com\/index.php?rest_route=\/wp\/v2\/posts"}],"about":[{"href":"https:\/\/esreviral.com\/index.php?rest_route=\/wp\/v2\/types\/post"}],"author":[{"embeddable":true,"href":"https:\/\/esreviral.com\/index.php?rest_route=\/wp\/v2\/users\/3"}],"replies":[{"embeddable":true,"href":"https:\/\/esreviral.com\/index.php?rest_route=%2Fwp%2Fv2%2Fcomments&post=79579"}],"version-history":[{"count":1,"href":"https:\/\/esreviral.com\/index.php?rest_route=\/wp\/v2\/posts\/79579\/revisions"}],"predecessor-version":[{"id":79581,"href":"https:\/\/esreviral.com\/index.php?rest_route=\/wp\/v2\/posts\/79579\/revisions\/79581"}],"wp:featuredmedia":[{"embeddable":true,"href":"https:\/\/esreviral.com\/index.php?rest_route=\/wp\/v2\/media\/79580"}],"wp:attachment":[{"href":"https:\/\/esreviral.com\/index.php?rest_route=%2Fwp%2Fv2%2Fmedia&parent=79579"}],"wp:term":[{"taxonomy":"category","embeddable":true,"href":"https:\/\/esreviral.com\/index.php?rest_route=%2Fwp%2Fv2%2Fcategories&post=79579"},{"taxonomy":"post_tag","embeddable":true,"href":"https:\/\/esreviral.com\/index.php?rest_route=%2Fwp%2Fv2%2Ftags&post=79579"}],"curies":[{"name":"wp","href":"https:\/\/api.w.org\/{rel}","templated":true}]}}