{"id":79551,"date":"2025-08-27T07:36:53","date_gmt":"2025-08-27T12:36:53","guid":{"rendered":"https:\/\/esreviral.com\/?p=79551"},"modified":"2025-08-27T07:36:54","modified_gmt":"2025-08-27T12:36:54","slug":"minoxidil-un-tratamiento-para-la-hipertension-que-despues-salvo-a-los-cabellos","status":"publish","type":"post","link":"https:\/\/esreviral.com\/?p=79551","title":{"rendered":"Minoxidil: un tratamiento para la hipertensi\u00f3n que despu\u00e9s salvo a los cabellos"},"content":{"rendered":"\n<p>Si notas que est\u00e1s perdiendo m\u00e1s pelo de lo normal, <strong>no est\u00e1s sol@<\/strong>. Cada vez m\u00e1s personas consultan por la <strong>ca\u00edda del cabello<\/strong>, y sorprendentemente, cada vez son m\u00e1s j\u00f3venes. La buena noticia: existen tratamientos efectivos, y uno de los m\u00e1s conocidos y utilizados a nivel mundial es el <strong>minoxidil<\/strong>.<\/p>\n\n\n\n<p class=\"has-text-align-center\"><strong><a href=\"https:\/\/chat.whatsapp.com\/KWkTmakY3I05kNdd2oZl6d\"><em>\u00daNETE A NUESTRO GRUPO DE WHATSAPP PARA ESTAR INFORMADO<\/em><\/a><\/strong><\/p>\n\n\n\n<h3 class=\"wp-block-heading\"><strong><mark style=\"background-color:rgba(0, 0, 0, 0)\" class=\"has-inline-color has-vivid-red-color\">\ud83e\uddea De la hipertensi\u00f3n al cabello<\/mark><\/strong><\/h3>\n\n\n\n<p>Curiosamente, algunos descubrimientos m\u00e9dicos ocurren por accidente<strong>. El minoxidil<\/strong> naci\u00f3 como un medicamento para tratar la hipertensi\u00f3n arterial resistente en los a\u00f1os 70. Sin embargo, los m\u00e9dicos notaron un efecto inesperado: muchos pacientes comenzaban a desarrollar m\u00e1s cabello, incluso en zonas previamente calvas.<\/p>\n\n\n\n<p>Este hallazgo llev\u00f3 al desarrollo de su <strong>versi\u00f3n t\u00f3pica<\/strong>, aplicada directamente sobre el cuero cabelludo, que hoy es un cl\u00e1sico en dermatolog\u00eda.<\/p>\n\n\n\n<h3 class=\"wp-block-heading\"><strong><mark style=\"background-color:rgba(0, 0, 0, 0)\" class=\"has-inline-color has-vivid-red-color\">\ud83d\udca1 \u00bfC\u00f3mo act\u00faa el minoxidil?<\/mark><\/strong><\/h3>\n\n\n\n<p>El minoxidil mejora la circulaci\u00f3n sangu\u00ednea en el cuero cabelludo y estimula los fol\u00edculos pilosos. No produce resultados inmediatos, pero con <strong>uso constante<\/strong>, puede frenar la ca\u00edda del cabello y favorecer su regeneraci\u00f3n, prolongando la fase de crecimiento conocida como <strong>an\u00e1geno<\/strong>.<\/p>\n\n\n\n<h3 class=\"wp-block-heading\"><strong><mark style=\"background-color:rgba(0, 0, 0, 0)\" class=\"has-inline-color has-vivid-red-color\">\u2705 \u00bfSirve para todos?<\/mark><\/strong><\/h3>\n\n\n\n<p>Funciona mejor en la <strong>alopecia androgen\u00e9tica<\/strong> (la calvicie com\u00fan), aunque tambi\u00e9n puede utilizarse en otros tipos de ca\u00edda, a veces combin\u00e1ndolo con otros tratamientos, siempre bajo <strong>supervisi\u00f3n m\u00e9dica<\/strong>. No es una \u201ccura milagrosa\u201d, pero bien indicado, puede ofrecer resultados reales.<\/p>\n\n\n\n<p><strong>Constancia + diagn\u00f3stico correcto = resultados exitosos<\/strong><br>El tratamiento suele ser <strong>a largo plazo<\/strong>. Lo m\u00e1s importante: debe utilizarse con indicaci\u00f3n profesional, porque no todas las p\u00e9rdidas de cabello requieren el mismo abordaje.<\/p>\n\n\n\n<h3 class=\"wp-block-heading\"><strong><mark style=\"background-color:rgba(0, 0, 0, 0)\" class=\"has-inline-color has-vivid-red-color\">\ud83d\udcc6 \u00bfCu\u00e1ndo se ven resultados?<\/mark><\/strong><\/h3>\n\n\n\n<p>Por lo general, despu\u00e9s de <strong>3 a 4 meses<\/strong> de uso constante. Al inicio, incluso puede parecer que se cae m\u00e1s cabello; esto es parte del proceso de renovaci\u00f3n del ciclo capilar.<\/p>\n\n\n\n<h3 class=\"wp-block-heading\"><strong><mark style=\"background-color:rgba(0, 0, 0, 0)\" class=\"has-inline-color has-vivid-red-color\">\u26a0\ufe0f Efectos secundarios<\/mark><\/strong><\/h3>\n\n\n\n<p>Algunos pacientes pueden experimentar <strong>irritaci\u00f3n, picaz\u00f3n o caspa<\/strong> al comienzo. Tambi\u00e9n puede crecer vello en zonas no deseadas si el producto se escurre fuera del cuero cabelludo. Por eso, es clave aplicarlo correctamente y bajo control m\u00e9dico.<\/p>\n\n\n\n<p>Antes de probar tratamientos que ves en redes sociales o en farmacias, <strong>consult\u00e1 con un dermat\u00f3logo, preferiblemente tric\u00f3logo<\/strong>. Un buen diagn\u00f3stico puede ayudarte a <strong>recuperar tu cabello\u2026 y tu tranquilidad<\/strong>.<\/p>\n\n\n\n<p><strong>Consultas:<\/strong> <strong>Dr. Fernando V\u00e1squez Maldonado<\/strong>, <strong><a href=\"https:\/\/www.instagram.com\/centromasalud\/?hl=es\" data-type=\"link\" data-id=\"https:\/\/www.instagram.com\/centromasalud\/?hl=es\">Centro M\u00e1s Salud,<\/a><\/strong> Larrea 848, Piso 2, Ciudad de Buenos Aires.<\/p>\n\n\n\n<p class=\"has-text-align-center\"><em><strong><em><strong><em><strong><em><strong><a href=\"https:\/\/t.me\/esreviral\">\u00daNETE A NUESTRO CANAL DE TELEGRAM PARA ESTAR INFORMADO<\/a><\/strong><\/em><\/strong><\/em><\/strong><\/em><\/strong><\/em><\/p>\n\n\n\n<p class=\"has-text-align-right\"><strong>Autor: Dr. Fernando Vasquez Maldonado.-<\/strong><\/p>\n\n\n\n<p class=\"has-text-align-right\"><strong> MHA. Dermat\u00f3logo.<\/strong>&#8211;<\/p>\n\n\n\n<p class=\"has-text-align-right\"><strong>Especialista en Dermatolog\u00eda pedi\u00e1trica.- <\/strong><\/p>\n\n\n\n<p class=\"has-text-align-right\"><strong>Tric\u00f3logo cl\u00ednico y quir\u00fargico.-<br>Dermat\u00f3logo MN 140.212<\/strong>.-<\/p>\n","protected":false},"excerpt":{"rendered":"<p>Si notas que est\u00e1s perdiendo m\u00e1s pelo de lo normal, no est\u00e1s sol@. Cada vez m\u00e1s personas consultan por la ca\u00edda del cabello, y sorprendentemente, cada vez son m\u00e1s j\u00f3venes. La buena noticia: existen tratamientos efectivos, y uno de los m\u00e1s conocidos y utilizados a nivel mundial es el minoxidil. \u00daNETE A NUESTRO GRUPO DE [&hellip;]<\/p>\n","protected":false},"author":3,"featured_media":79552,"comment_status":"closed","ping_status":"closed","sticky":false,"template":"","format":"standard","meta":{"jnews-multi-image_gallery":[],"jnews_single_post":{"format":"standard"},"jnews_primary_category":[],"jnews_social_meta":[],"jnews_review":[],"enable_review":"","type":"","name":"","summary":"","brand":"","sku":"","good":[],"bad":[],"score_override":"","override_value":"","rating":[],"price":[],"jnews_override_counter":[],"jnews_post_split":[],"footnotes":""},"categories":[137,84],"tags":[7277,7041,35012,35013,34756,35011,45,85,9047],"class_list":["post-79551","post","type-post","status-publish","format-standard","has-post-thumbnail","hentry","category-opinion","category-salud","tag-caida-del-cabello","tag-centro-mas-salud-2","tag-dermatologia-pediatrica","tag-dr-fernando-vasquez-maldonado","tag-hipertension","tag-minoxidil","tag-noticias","tag-salud","tag-tratamiento"],"amp_enabled":true,"_links":{"self":[{"href":"https:\/\/esreviral.com\/index.php?rest_route=\/wp\/v2\/posts\/79551"}],"collection":[{"href":"https:\/\/esreviral.com\/index.php?rest_route=\/wp\/v2\/posts"}],"about":[{"href":"https:\/\/esreviral.com\/index.php?rest_route=\/wp\/v2\/types\/post"}],"author":[{"embeddable":true,"href":"https:\/\/esreviral.com\/index.php?rest_route=\/wp\/v2\/users\/3"}],"replies":[{"embeddable":true,"href":"https:\/\/esreviral.com\/index.php?rest_route=%2Fwp%2Fv2%2Fcomments&post=79551"}],"version-history":[{"count":1,"href":"https:\/\/esreviral.com\/index.php?rest_route=\/wp\/v2\/posts\/79551\/revisions"}],"predecessor-version":[{"id":79553,"href":"https:\/\/esreviral.com\/index.php?rest_route=\/wp\/v2\/posts\/79551\/revisions\/79553"}],"wp:featuredmedia":[{"embeddable":true,"href":"https:\/\/esreviral.com\/index.php?rest_route=\/wp\/v2\/media\/79552"}],"wp:attachment":[{"href":"https:\/\/esreviral.com\/index.php?rest_route=%2Fwp%2Fv2%2Fmedia&parent=79551"}],"wp:term":[{"taxonomy":"category","embeddable":true,"href":"https:\/\/esreviral.com\/index.php?rest_route=%2Fwp%2Fv2%2Fcategories&post=79551"},{"taxonomy":"post_tag","embeddable":true,"href":"https:\/\/esreviral.com\/index.php?rest_route=%2Fwp%2Fv2%2Ftags&post=79551"}],"curies":[{"name":"wp","href":"https:\/\/api.w.org\/{rel}","templated":true}]}}