{"id":7955,"date":"2021-06-29T19:34:51","date_gmt":"2021-06-29T22:34:51","guid":{"rendered":"http:\/\/esreviral.com\/?p=7955"},"modified":"2021-06-29T19:34:51","modified_gmt":"2021-06-29T22:34:51","slug":"envideo-si-me-voy-a-morir-me-muero-en-mi-pais-venezolanos-varados-en-argentina-volvieron-a-protestar","status":"publish","type":"post","link":"https:\/\/esreviral.com\/?p=7955","title":{"rendered":"#ENVIDEO \u00abSi me voy a morir, me muero en mi pa\u00eds\u00bb venezolanos varados en Argentina volvieron a protestar"},"content":{"rendered":"\n<p><strong><em>Carlos Iv\u00e1n Su\u00e1rez.- <\/em><\/strong>Por segunda vez en 20 d\u00edas, los venezolanos varados en Argentina retornaron a la embajada de Buenos Aires a protestar y exigir un vuelo de repatriaci\u00f3n ya que sus condiciones en el pa\u00eds sure\u00f1o son ca\u00f3ticas.<\/p>\n\n\n\n<p>Son m\u00e1s de 300 personas que esperan regresar a Venezuela, como el caso de Nancy Garc\u00eda, una enfermera de la tercera edad, que asegura haberse venido a Argentina \u00abaventurando\u00bb pero ahora aspira volver con sus afectos, \u00absi me voy a morir, me muero en su pa\u00eds\u00bb, afirm\u00f3. <\/p>\n\n\n\n<figure class=\"wp-block-image size-large\"><img decoding=\"async\" src=\"https:\/\/esreviral.com\/wp-content\/uploads\/2021\/06\/IMG_7130-1024x576.jpg\" alt=\"\" class=\"wp-image-7956\"\/><figcaption>Entonaron las notas del Himno Nacional<\/figcaption><\/figure>\n\n\n\n<p>Keny Oropeza, uno de los organizadores de la lista que entregaron este martes, la cual se actualiz\u00f3 con la inclusi\u00f3n de m\u00e1s personas, explic\u00f3 que en esta oportunidad fueron recibidos por la c\u00f3nsul, Katiuzca Maestre, quien agilizar\u00e1 el proceso pero mientras tanto, ellos seguir\u00e1n ejerciendo presi\u00f3n. <\/p>\n\n\n\n<p>\u00abNo sabemos si hay un problema con la gasolina o con Conviasa pero recientemente trajeron a unos jugadores de f\u00fatbol y la prioridad somos nosotros\u00bb, enfatiz\u00f3 el joven. <\/p>\n\n\n\n<figure class=\"wp-block-image size-large\"><img decoding=\"async\" src=\"https:\/\/esreviral.com\/wp-content\/uploads\/2021\/06\/IMG_7121-1024x576.jpg\" alt=\"\" class=\"wp-image-7957\"\/><figcaption>Bajo el fuerte fr\u00edo esperaron la respuesta<\/figcaption><\/figure>\n\n\n\n<p>Esperaron por m\u00e1s de una hora en las afueras de la embajada y al no tener una respuesta positiva, decidieron cerrar uno de los canales de la avenida Luis Mar\u00eda Campos, donde entonaron las notas del Himno Nacional venezolano y gritaron su petici\u00f3n: \u00abvuelo humanitario\u00bb. <\/p>\n\n\n\n<figure class=\"wp-block-embed-youtube wp-block-embed is-type-video is-provider-youtube wp-embed-aspect-16-9 wp-has-aspect-ratio\"><div class=\"wp-block-embed__wrapper\">\n<div class=\"jeg_video_container jeg_video_content\"><iframe title=\"&quot;Si me voy a morir, me muero en mi pa\u00eds&quot; venezolanos varados en Argentina volvieron a protestar\" width=\"500\" height=\"281\" src=\"https:\/\/www.youtube.com\/embed\/XpqcM2yrpAY?feature=oembed\" frameborder=\"0\" allow=\"accelerometer; autoplay; clipboard-write; encrypted-media; gyroscope; picture-in-picture; web-share\" referrerpolicy=\"strict-origin-when-cross-origin\" allowfullscreen><\/iframe><\/div>\n<\/div><\/figure>\n\n\n\n<figure class=\"wp-block-image size-large\"><img decoding=\"async\" src=\"https:\/\/esreviral.com\/wp-content\/uploads\/2021\/06\/IMG_7148-1024x576.jpg\" alt=\"\" class=\"wp-image-7958\"\/><figcaption>Por varios minutos cerraron uno de los carriles de la av. Luis Mar\u00eda Campos<\/figcaption><\/figure>\n","protected":false},"excerpt":{"rendered":"<p>Esperaron por m\u00e1s de una hora en las afueras de la embajada y al no tener una respuesta positiva, decidieron cerrar uno de los canales de la avenida Luis Mar\u00eda Campos, donde entonaron las notas del Himno Nacional venezolano y gritaron su petici\u00f3n: \u00abvuelo humanitario\u00bb<\/p>\n","protected":false},"author":2,"featured_media":7960,"comment_status":"open","ping_status":"open","sticky":false,"template":"","format":"standard","meta":{"jnews-multi-image_gallery":[],"jnews_single_post":[],"jnews_primary_category":[],"jnews_social_meta":[],"jnews_review":[],"enable_review":"","type":"","name":"","summary":"","brand":"","sku":"","good":[],"bad":[],"score_override":"","override_value":"","rating":[],"price":[],"jnews_override_counter":[],"jnews_post_split":[],"footnotes":""},"categories":[54],"tags":[45,67,71],"class_list":["post-7955","post","type-post","status-publish","format-standard","has-post-thumbnail","hentry","category-inmigracion","tag-noticias","tag-venezolanos-en-argentina","tag-venezolanos-varados"],"amp_enabled":true,"_links":{"self":[{"href":"https:\/\/esreviral.com\/index.php?rest_route=\/wp\/v2\/posts\/7955"}],"collection":[{"href":"https:\/\/esreviral.com\/index.php?rest_route=\/wp\/v2\/posts"}],"about":[{"href":"https:\/\/esreviral.com\/index.php?rest_route=\/wp\/v2\/types\/post"}],"author":[{"embeddable":true,"href":"https:\/\/esreviral.com\/index.php?rest_route=\/wp\/v2\/users\/2"}],"replies":[{"embeddable":true,"href":"https:\/\/esreviral.com\/index.php?rest_route=%2Fwp%2Fv2%2Fcomments&post=7955"}],"version-history":[{"count":0,"href":"https:\/\/esreviral.com\/index.php?rest_route=\/wp\/v2\/posts\/7955\/revisions"}],"wp:featuredmedia":[{"embeddable":true,"href":"https:\/\/esreviral.com\/index.php?rest_route=\/"}],"wp:attachment":[{"href":"https:\/\/esreviral.com\/index.php?rest_route=%2Fwp%2Fv2%2Fmedia&parent=7955"}],"wp:term":[{"taxonomy":"category","embeddable":true,"href":"https:\/\/esreviral.com\/index.php?rest_route=%2Fwp%2Fv2%2Fcategories&post=7955"},{"taxonomy":"post_tag","embeddable":true,"href":"https:\/\/esreviral.com\/index.php?rest_route=%2Fwp%2Fv2%2Ftags&post=7955"}],"curies":[{"name":"wp","href":"https:\/\/api.w.org\/{rel}","templated":true}]}}