{"id":79468,"date":"2025-08-22T13:30:32","date_gmt":"2025-08-22T18:30:32","guid":{"rendered":"https:\/\/esreviral.com\/?p=79468"},"modified":"2025-08-22T14:25:40","modified_gmt":"2025-08-22T19:25:40","slug":"reportan-apagarones-en-caracas-y-algunas-ciudades-del-interior","status":"publish","type":"post","link":"https:\/\/esreviral.com\/?p=79468","title":{"rendered":"Reportan apagones en Caracas y algunas ciudades del interior"},"content":{"rendered":"\n<p><strong>La inestabilidad en el servicio el\u00e9ctrico volvi\u00f3 a sentirse este jueves 22 de agosto en distintas zonas de Caracas y en ciudades del interior del pa\u00eds, seg\u00fan reportaron ciudadanos a trav\u00e9s de redes sociales.<\/strong><\/p>\n\n\n\n<p class=\"has-text-align-center\"><strong><a href=\"https:\/\/chat.whatsapp.com\/KWkTmakY3I05kNdd2oZl6d\"><em>\u00daNETE A NUESTRO GRUPO DE WHATSAPP PARA ESTAR INFORMADO<\/em><\/a><\/strong><\/p>\n\n\n\n<p>En la capital, sectores como Altamira, Los Palos Grandes, La Castellana, El Marqu\u00e9s, Catia, Parque Caiza, La Urbina, Montalb\u00e1n, Chacao, La Candelaria, La Florida, Chaca\u00edto, Los Chaguaramos, Santa M\u00f3nica, 23 de Enero, Propatria, El Para\u00edso, Los Cortijos y Petare quedaron sin electricidad durante la tarde.<\/p>\n\n\n\n<p>La situaci\u00f3n tambi\u00e9n se extendi\u00f3 a otras regiones: en Coro (estado Falc\u00f3n) y Maracay (estado Aragua) se registraron apagones totales, mientras que en El Cementerio (Caracas) y Guanare (estado Portuguesa) los usuarios reportaron fuertes bajones de energ\u00eda.<\/p>\n\n\n\n<p>Las fallas en la capital coincidieron con una intensa lluvia y comenzaron alrededor de la 1:40 p.m. Hasta el momento, la Corporaci\u00f3n El\u00e9ctrica Nacional (Corpoelec) no ha emitido un comunicado oficial sobre las causas del incidente.<\/p>\n\n\n<div class=\"wp-block-image\">\n<figure class=\"aligncenter size-full\"><img fetchpriority=\"high\" decoding=\"async\" width=\"586\" height=\"262\" src=\"https:\/\/esreviral.com\/wp-content\/uploads\/2025\/08\/Luz-2.webp\" alt=\"\" class=\"wp-image-79469\" srcset=\"https:\/\/esreviral.com\/wp-content\/uploads\/2025\/08\/Luz-2.webp 586w, https:\/\/esreviral.com\/wp-content\/uploads\/2025\/08\/Luz-2-300x134.webp 300w\" sizes=\"(max-width: 586px) 100vw, 586px\" \/><\/figure><\/div>\n\n\n<p class=\"has-text-align-center\"><\/p>\n\n\n\n<p><\/p>\n\n\n<div class=\"wp-block-image\">\n<figure class=\"aligncenter size-full\"><img decoding=\"async\" width=\"618\" height=\"236\" src=\"https:\/\/esreviral.com\/wp-content\/uploads\/2025\/08\/Luz.webp\" alt=\"\" class=\"wp-image-79470\" srcset=\"https:\/\/esreviral.com\/wp-content\/uploads\/2025\/08\/Luz.webp 618w, https:\/\/esreviral.com\/wp-content\/uploads\/2025\/08\/Luz-300x115.webp 300w\" sizes=\"(max-width: 618px) 100vw, 618px\" \/><\/figure><\/div>\n\n\n<p><\/p>\n\n\n\n<h3 class=\"wp-block-heading\"><strong><mark style=\"background-color:rgba(0, 0, 0, 0)\" class=\"has-inline-color has-vivid-red-color\">Falla en la subestaci\u00f3n de El Junquito<\/mark><\/strong><\/h3>\n\n\n\n<p>Horas m\u00e1s tarde, la administraci\u00f3n de Nicol\u00e1s Maduro inform\u00f3 a trav\u00e9s de Telegram que las lluvias y fuertes vientos provocaron una aver\u00eda en la subestaci\u00f3n de El Junquito.<\/p>\n\n\n\n<p>El desperfecto afect\u00f3 parcialmente el servicio en varias zonas del centro del pa\u00eds, entre ellas La Guaira, Guarenas, Guatire, los Altos Mirandinos y parte del este de Caracas.<\/p>\n\n\n\n<p><strong><em>\u201cActualmente, Corpoelec est\u00e1 trabajando para restaurar el servicio\u201d<\/em><\/strong>, se\u00f1al\u00f3 el ministro de Comunicaci\u00f3n, Freddy \u00d1\u00e1\u00f1ez.<\/p>\n\n\n<div class=\"wp-block-image\">\n<figure class=\"aligncenter size-full\"><img decoding=\"async\" width=\"542\" height=\"559\" src=\"https:\/\/esreviral.com\/wp-content\/uploads\/2025\/08\/lluvias-y-luz.webp\" alt=\"\" class=\"wp-image-79483\" srcset=\"https:\/\/esreviral.com\/wp-content\/uploads\/2025\/08\/lluvias-y-luz.webp 542w, https:\/\/esreviral.com\/wp-content\/uploads\/2025\/08\/lluvias-y-luz-291x300.webp 291w\" sizes=\"(max-width: 542px) 100vw, 542px\" \/><\/figure><\/div>\n\n\n<p><\/p>\n\n\n\n<p class=\"has-text-align-center\"><em><strong><em><strong><em><strong><em><strong><a href=\"https:\/\/t.me\/esreviral\">\u00daNETE A NUESTRO CANAL DE TELEGRAM PARA ESTAR INFORMADO<\/a><\/strong><\/em><\/strong><\/em><\/strong><\/em><\/strong><\/em><\/p>\n\n\n\n<p class=\"has-text-align-right\"><strong><em>Con Informaci\u00f3n del elpitazo.net.-<\/em><\/strong><\/p>\n","protected":false},"excerpt":{"rendered":"<p>Las fallas el\u00e9ctricas se registraron en la capital al mismo tiempo que una fuerte lluvia. Los problemas en el servicio el\u00e9ctrico comenzaron aproximadamente a la 1:40 p.m.<\/p>\n","protected":false},"author":3,"featured_media":79471,"comment_status":"closed","ping_status":"closed","sticky":false,"template":"","format":"standard","meta":{"jnews-multi-image_gallery":[],"jnews_single_post":{"format":"standard"},"jnews_primary_category":[],"jnews_social_meta":[],"jnews_review":[],"enable_review":"","type":"","name":"","summary":"","brand":"","sku":"","good":[],"bad":[],"score_override":"","override_value":"","rating":[],"price":[],"jnews_override_counter":[],"jnews_post_split":[],"footnotes":""},"categories":[66],"tags":[34930,45,56],"class_list":["post-79468","post","type-post","status-publish","format-standard","has-post-thumbnail","hentry","category-venezuela","tag-bajones-electricos","tag-noticias","tag-venezuela"],"amp_enabled":true,"_links":{"self":[{"href":"https:\/\/esreviral.com\/index.php?rest_route=\/wp\/v2\/posts\/79468"}],"collection":[{"href":"https:\/\/esreviral.com\/index.php?rest_route=\/wp\/v2\/posts"}],"about":[{"href":"https:\/\/esreviral.com\/index.php?rest_route=\/wp\/v2\/types\/post"}],"author":[{"embeddable":true,"href":"https:\/\/esreviral.com\/index.php?rest_route=\/wp\/v2\/users\/3"}],"replies":[{"embeddable":true,"href":"https:\/\/esreviral.com\/index.php?rest_route=%2Fwp%2Fv2%2Fcomments&post=79468"}],"version-history":[{"count":4,"href":"https:\/\/esreviral.com\/index.php?rest_route=\/wp\/v2\/posts\/79468\/revisions"}],"predecessor-version":[{"id":79484,"href":"https:\/\/esreviral.com\/index.php?rest_route=\/wp\/v2\/posts\/79468\/revisions\/79484"}],"wp:featuredmedia":[{"embeddable":true,"href":"https:\/\/esreviral.com\/index.php?rest_route=\/wp\/v2\/media\/79471"}],"wp:attachment":[{"href":"https:\/\/esreviral.com\/index.php?rest_route=%2Fwp%2Fv2%2Fmedia&parent=79468"}],"wp:term":[{"taxonomy":"category","embeddable":true,"href":"https:\/\/esreviral.com\/index.php?rest_route=%2Fwp%2Fv2%2Fcategories&post=79468"},{"taxonomy":"post_tag","embeddable":true,"href":"https:\/\/esreviral.com\/index.php?rest_route=%2Fwp%2Fv2%2Ftags&post=79468"}],"curies":[{"name":"wp","href":"https:\/\/api.w.org\/{rel}","templated":true}]}}