{"id":7937,"date":"2021-06-29T16:38:27","date_gmt":"2021-06-29T19:38:27","guid":{"rendered":"http:\/\/esreviral.com\/?p=7937"},"modified":"2021-06-29T16:38:27","modified_gmt":"2021-06-29T19:38:27","slug":"maduro-volvio-a-sugerir-la-regulacion-de-las-redes-sociales-son-utilizadas-para-caprichos-antinacionales","status":"publish","type":"post","link":"https:\/\/esreviral.com\/?p=7937","title":{"rendered":"Maduro volvi\u00f3 a sugerir la regulaci\u00f3n de las redes sociales: \u201cSon utilizadas para caprichos antinacionales\u201d"},"content":{"rendered":"\n<p>Nicol\u00e1s Maduro da m\u00e1s fuerza a su intenci\u00f3n de regular el uso de las redes sociales en Venezuela: el oficialista acus\u00f3 a Facebook e Instagram de convertirse en los grandes medios de comunicaci\u00f3n que, a su juicio,<strong>\u00a0se utilizan para \u201cintereses y caprichos\u201d antinacionales.<\/strong><\/p>\n\n\n\n<p>\u201cLes pregunto: \u00bfqu\u00e9 ley regula a Facebook, a Instagram? Es una pregunta inocente. Con la nueva era hegem\u00f3nica<strong>\u00a0los pa\u00edses han perdido la posibilidad de gestionar de manera aut\u00f3noma y soberana<\/strong>\u00a0con base en la ley las grandes redes sociales, que son los grandes medios de comunicaci\u00f3n, y son utilizados para intereses y caprichos antinacionales\u201d,\u00a0manifest\u00f3.<\/p>\n\n\n\n<figure class=\"wp-block-embed-twitter wp-block-embed is-type-rich is-provider-twitter\"><div class=\"wp-block-embed__wrapper\">\n<blockquote class=\"twitter-tweet\" data-width=\"500\" data-dnt=\"true\"><p lang=\"es\" dir=\"ltr\"><a href=\"https:\/\/twitter.com\/hashtag\/EnVideo?src=hash&amp;ref_src=twsrc%5Etfw\">#EnVideo<\/a>\ud83d\udcf9| Pdte. <a href=\"https:\/\/twitter.com\/NicolasMaduro?ref_src=twsrc%5Etfw\">@NicolasMaduro<\/a> enfatiz\u00f3: Hay que revisar c\u00f3mo han utilizado las RRSS para promover el odio, la violencia y, as\u00ed justificar el golpismo y llamar a la intervenci\u00f3n extranjera en Venezuela.  <a href=\"https:\/\/twitter.com\/hashtag\/PeriodismoBicentenario?src=hash&amp;ref_src=twsrc%5Etfw\">#PeriodismoBicentenario<\/a> <a href=\"https:\/\/t.co\/8p5owws31l\">pic.twitter.com\/8p5owws31l<\/a><\/p>&mdash; VTV CANAL 8 (@VTVcanal8) <a href=\"https:\/\/twitter.com\/VTVcanal8\/status\/1409672739045085186?ref_src=twsrc%5Etfw\">June 29, 2021<\/a><\/blockquote><script async src=\"https:\/\/platform.twitter.com\/widgets.js\" charset=\"utf-8\"><\/script>\n<\/div><\/figure>\n\n\n\n<p>All\u00ed tambi\u00e9n asegur\u00f3 que&nbsp;<strong>las redes sociales se utilizaron en los a\u00f1os 2019 y 2020 para intentar derrocar a su r\u00e9gimen<\/strong>; adem\u00e1s de, supuestamente, promover el odio y la violencia para justificar el golpismo y llamar a una intervenci\u00f3n extranjera.<\/p>\n\n\n\n<p>\u201c\u00bfY eso es \u00e9tico? \u00bfEso es moral? \u00bfEso es legal? No\u201d, afirm\u00f3.<\/p>\n\n\n\n<p>La Asamblea Nacional electa en 2020 desarrolla ahora\u00a0<strong>una reforma a la Ley de Responsabilidad Social en Radio y Televisi\u00f3n<\/strong>\u00a0(Resorte). El texto est\u00e1 aprobado desde 2004 y permite que el r\u00e9gimen regule el contenido de los medios de comunicaci\u00f3n, estableciendo que no puede contener violencia ni terrorismo.<\/p>\n\n\n\n<p class=\"has-text-align-right\"><strong><em>El Nacional.-<\/em><\/strong><\/p>\n","protected":false},"excerpt":{"rendered":"<p>El oficialista hizo sus afirmaciones durante un acto en el que entreg\u00f3 reconocimientos a periodistas que responden a los intereses del chavismo<\/p>\n","protected":false},"author":2,"featured_media":7938,"comment_status":"open","ping_status":"open","sticky":false,"template":"","format":"standard","meta":{"jnews-multi-image_gallery":[],"jnews_single_post":[],"jnews_primary_category":[],"jnews_social_meta":[],"jnews_review":[],"enable_review":"","type":"","name":"","summary":"","brand":"","sku":"","good":[],"bad":[],"score_override":"","override_value":"","rating":[],"price":[],"jnews_override_counter":[],"jnews_post_split":[],"footnotes":""},"categories":[66],"tags":[82,45,56],"class_list":["post-7937","post","type-post","status-publish","format-standard","has-post-thumbnail","hentry","category-venezuela","tag-maduro","tag-noticias","tag-venezuela"],"amp_enabled":true,"_links":{"self":[{"href":"https:\/\/esreviral.com\/index.php?rest_route=\/wp\/v2\/posts\/7937"}],"collection":[{"href":"https:\/\/esreviral.com\/index.php?rest_route=\/wp\/v2\/posts"}],"about":[{"href":"https:\/\/esreviral.com\/index.php?rest_route=\/wp\/v2\/types\/post"}],"author":[{"embeddable":true,"href":"https:\/\/esreviral.com\/index.php?rest_route=\/wp\/v2\/users\/2"}],"replies":[{"embeddable":true,"href":"https:\/\/esreviral.com\/index.php?rest_route=%2Fwp%2Fv2%2Fcomments&post=7937"}],"version-history":[{"count":0,"href":"https:\/\/esreviral.com\/index.php?rest_route=\/wp\/v2\/posts\/7937\/revisions"}],"wp:featuredmedia":[{"embeddable":true,"href":"https:\/\/esreviral.com\/index.php?rest_route=\/"}],"wp:attachment":[{"href":"https:\/\/esreviral.com\/index.php?rest_route=%2Fwp%2Fv2%2Fmedia&parent=7937"}],"wp:term":[{"taxonomy":"category","embeddable":true,"href":"https:\/\/esreviral.com\/index.php?rest_route=%2Fwp%2Fv2%2Fcategories&post=7937"},{"taxonomy":"post_tag","embeddable":true,"href":"https:\/\/esreviral.com\/index.php?rest_route=%2Fwp%2Fv2%2Ftags&post=7937"}],"curies":[{"name":"wp","href":"https:\/\/api.w.org\/{rel}","templated":true}]}}