{"id":79351,"date":"2025-08-20T14:43:46","date_gmt":"2025-08-20T19:43:46","guid":{"rendered":"https:\/\/esreviral.com\/?p=79351"},"modified":"2025-08-20T14:43:47","modified_gmt":"2025-08-20T19:43:47","slug":"despues-de-12-ruedas-en-baja-el-dolar-cambio-la-tendencia-que-paso","status":"publish","type":"post","link":"https:\/\/esreviral.com\/?p=79351","title":{"rendered":"Despu\u00e9s de 12 ruedas en baja, el d\u00f3lar cambi\u00f3 la tendencia: qu\u00e9 pas\u00f3"},"content":{"rendered":"\n<p>El d\u00f3lar interrumpi\u00f3 este mi\u00e9rcoles su racha bajista de <strong>12 jornadas consecutivas<\/strong> y logr\u00f3 sostenerse nuevamente por encima de los <strong>$1.300<\/strong>, tras un ciclo que lo hab\u00eda llevado a perforar ese piso.<\/p>\n\n\n\n<p>En medio del <strong>apret\u00f3n monetario<\/strong>, el tipo de cambio mayorista subi\u00f3 <strong>0,7%<\/strong> y cerr\u00f3 en <strong>$1.301<\/strong>, mientras que el minorista avanz\u00f3 <strong>0,4%<\/strong>, hasta <strong>$1.315<\/strong>.<\/p>\n\n\n\n<p>Pese al rebote, la divisa acumula en agosto una baja del <strong>5%<\/strong>, despu\u00e9s de haber trepado un <strong>13% en julio<\/strong>. Con esta din\u00e1mica, el equipo econ\u00f3mico parece haber cumplido su objetivo inmediato: <strong>contener la suba del d\u00f3lar para evitar un mayor traslado a precios<\/strong> en la inflaci\u00f3n de este mes.<\/p>\n\n\n\n<p class=\"has-text-align-center\"><em><strong><em><strong><em><strong><em><strong><a href=\"https:\/\/t.me\/esreviral\">\u00daNETE A NUESTRO CANAL DE TELEGRAM PARA ESTAR INFORMADO<\/a><\/strong><\/em><\/strong><\/em><\/strong><\/em><\/strong><\/em><\/p>\n\n\n\n<h3 class=\"wp-block-heading\"><strong><mark style=\"background-color:rgba(0, 0, 0, 0)\" class=\"has-inline-color has-vivid-red-color\">Financieros y blue<\/mark><\/strong><\/h3>\n\n\n\n<p>Los d\u00f3lares financieros tambi\u00e9n repuntaron: el <strong>MEP<\/strong> cerr\u00f3 en <strong>$1.305<\/strong> y el <strong>contado con liquidaci\u00f3n<\/strong> en <strong>$1.312<\/strong>, lo que implica un alza del <strong>6%<\/strong> en el mes. El <strong>blue<\/strong>, en tanto, se ubic\u00f3 en <strong>$1.340<\/strong>. As\u00ed, ya no quedan cotizaciones por debajo de los $1.300.<\/p>\n\n\n\n<h3 class=\"wp-block-heading\"><strong><mark style=\"background-color:rgba(0, 0, 0, 0)\" class=\"has-inline-color has-vivid-red-color\">Mercado de deuda y acciones<\/mark><\/strong><\/h3>\n\n\n\n<p>En paralelo, los <strong>bonos en d\u00f3lares bajo ley extranjera<\/strong> retrocedieron hasta <strong>1,5%<\/strong>, en una jornada en la que la atenci\u00f3n del mercado estuvo puesta en el <strong>Congreso<\/strong>, donde Diputados debat\u00eda los vetos aplicados por el presidente Javier Milei para mantener el gasto p\u00fablico congelado.<\/p>\n\n\n\n<p>En la <strong>Bolsa porte\u00f1a<\/strong>, el \u00edndice <strong>Merval<\/strong> se recuper\u00f3 un <strong>1%<\/strong> tras las fuertes ca\u00eddas de la jornada anterior (m\u00e1s del 7%). En Wall Street, los <strong>ADR argentinos<\/strong> mostraron resultados mixtos: <strong>Edenor<\/strong> cay\u00f3 hasta <strong>4,1%<\/strong>, mientras que <strong>otras compa\u00f1\u00edas<\/strong> registraron alzas de hasta <strong>1,7%<\/strong>.<\/p>\n\n\n\n<h3 class=\"wp-block-heading\"><strong><mark style=\"background-color:rgba(0, 0, 0, 0)\" class=\"has-inline-color has-vivid-red-color\">Tasas en tensi\u00f3n<\/mark><\/strong><\/h3>\n\n\n\n<p>La <strong>tasa de cauci\u00f3n<\/strong>, protagonista del mercado en los \u00faltimos d\u00edas por su alta volatilidad, oscil\u00f3 este mi\u00e9rcoles entre el <strong>30% y el 50%<\/strong>, aunque se espera que vuelva a derrumbarse hacia el cierre, como ocurri\u00f3 lunes y martes.<\/p>\n\n\n\n<p>Este movimiento brusco empieza a impactar en la econom\u00eda real: <strong>los cr\u00e9ditos para empresas y particulares se encarecen<\/strong>, y los bancos ya trasladan subas a las tasas de <strong>plazos fijos<\/strong>.<\/p>\n\n\n\n<p><strong>Noticia en desarrollo.<\/strong>..<\/p>\n\n\n\n<p class=\"has-text-align-center\"><strong><a href=\"https:\/\/chat.whatsapp.com\/KWkTmakY3I05kNdd2oZl6d\"><em>\u00daNETE A NUESTRO GRUPO DE WHATSAPP PARA ESTAR INFORMADO<\/em><\/a><\/strong><\/p>\n\n\n\n<p class=\"has-text-align-right\"><strong><em>Con Informaci\u00f3n de clarin.-<\/em><\/strong><\/p>\n","protected":false},"excerpt":{"rendered":"<p>En lo que va del mes retrocede 5%.<br \/>\nBajan los bonos y las acciones en medio de la sesi\u00f3n en Diputados.<\/p>\n","protected":false},"author":3,"featured_media":79352,"comment_status":"closed","ping_status":"closed","sticky":false,"template":"","format":"standard","meta":{"jnews-multi-image_gallery":[],"jnews_single_post":{"format":"standard"},"jnews_primary_category":[],"jnews_social_meta":[],"jnews_review":[],"enable_review":"","type":"","name":"","summary":"","brand":"","sku":"","good":[],"bad":[],"score_override":"","override_value":"","rating":[],"price":[],"jnews_override_counter":[],"jnews_post_split":[],"footnotes":""},"categories":[58,61],"tags":[60,45,56],"class_list":["post-79351","post","type-post","status-publish","format-standard","has-post-thumbnail","hentry","category-argentina","category-economia","tag-dolar","tag-noticias","tag-venezuela"],"amp_enabled":true,"_links":{"self":[{"href":"https:\/\/esreviral.com\/index.php?rest_route=\/wp\/v2\/posts\/79351"}],"collection":[{"href":"https:\/\/esreviral.com\/index.php?rest_route=\/wp\/v2\/posts"}],"about":[{"href":"https:\/\/esreviral.com\/index.php?rest_route=\/wp\/v2\/types\/post"}],"author":[{"embeddable":true,"href":"https:\/\/esreviral.com\/index.php?rest_route=\/wp\/v2\/users\/3"}],"replies":[{"embeddable":true,"href":"https:\/\/esreviral.com\/index.php?rest_route=%2Fwp%2Fv2%2Fcomments&post=79351"}],"version-history":[{"count":1,"href":"https:\/\/esreviral.com\/index.php?rest_route=\/wp\/v2\/posts\/79351\/revisions"}],"predecessor-version":[{"id":79353,"href":"https:\/\/esreviral.com\/index.php?rest_route=\/wp\/v2\/posts\/79351\/revisions\/79353"}],"wp:featuredmedia":[{"embeddable":true,"href":"https:\/\/esreviral.com\/index.php?rest_route=\/wp\/v2\/media\/79352"}],"wp:attachment":[{"href":"https:\/\/esreviral.com\/index.php?rest_route=%2Fwp%2Fv2%2Fmedia&parent=79351"}],"wp:term":[{"taxonomy":"category","embeddable":true,"href":"https:\/\/esreviral.com\/index.php?rest_route=%2Fwp%2Fv2%2Fcategories&post=79351"},{"taxonomy":"post_tag","embeddable":true,"href":"https:\/\/esreviral.com\/index.php?rest_route=%2Fwp%2Fv2%2Ftags&post=79351"}],"curies":[{"name":"wp","href":"https:\/\/api.w.org\/{rel}","templated":true}]}}