{"id":79345,"date":"2025-08-20T14:30:07","date_gmt":"2025-08-20T19:30:07","guid":{"rendered":"https:\/\/esreviral.com\/?p=79345"},"modified":"2025-08-20T14:30:09","modified_gmt":"2025-08-20T19:30:09","slug":"arquidiocesis-de-miami-denuncio-la-detencion-de-un-sacerdote-venezolano-al-regresar-a-usa","status":"publish","type":"post","link":"https:\/\/esreviral.com\/?p=79345","title":{"rendered":"Arquidi\u00f3cesis de Miami denunci\u00f3 la detenci\u00f3n de un sacerdote venezolano al regresar a USA"},"content":{"rendered":"\n<p>La <strong>Arquidi\u00f3cesis de Miami<\/strong> denunci\u00f3 el arresto migratorio \u201cinjusto\u201d del sacerdote venezolano <strong>Gustavo Santos<\/strong>, de 32 a\u00f1os de edad, quien cuenta con una visa religiosa R-1 vigente hasta noviembre de este a\u00f1o.<\/p>\n\n\n\n<p>El incidente ocurri\u00f3 el martes, cuando las autoridades estadounidenses le <strong>negaron la entrada de manera repentina<\/strong> a su regreso de un vuelo desde Londres, seg\u00fan inform\u00f3 la instituci\u00f3n religiosa, que representa a m\u00e1s de 1,3 millones de cat\u00f3licos en el sur de Florida.<\/p>\n\n\n\n<p class=\"has-text-align-center\"><em><strong><em><strong><em><strong><em><strong><a href=\"https:\/\/t.me\/esreviral\">\u00daNETE A NUESTRO CANAL DE TELEGRAM PARA ESTAR INFORMADO<\/a><\/strong><\/em><\/strong><\/em><\/strong><\/em><\/strong><\/em><\/p>\n\n\n\n<p>Gracias a la <strong>intervenci\u00f3n del arzobispo Thomas Wenski<\/strong> y la asesor\u00eda legal de la organizaci\u00f3n <strong>Catholic Legal Services<\/strong>, el caso fue discutido ante un juez y la Oficina de Aduanas y Protecci\u00f3n Fronteriza (CBP) termin\u00f3 reconsiderando la situaci\u00f3n.<\/p>\n\n\n\n<p>\u201cDesde entonces, soltaron al padre Santos y le permitieron reingresar al pa\u00eds. Estamos agradecidos por la pronta resoluci\u00f3n y damos la bienvenida al padre Santos de vuelta a su ministerio\u201d, expres\u00f3 la Arquidi\u00f3cesis en un comunicado. El organismo no ofreci\u00f3 m\u00e1s detalles sobre la detenci\u00f3n, pero destac\u00f3 que el sacerdote es un hombre de \u201cbuena reputaci\u00f3n\u201d.<\/p>\n\n\n\n<h3 class=\"wp-block-heading\"><strong><mark style=\"background-color:rgba(0, 0, 0, 0)\" class=\"has-inline-color has-vivid-red-color\">\u00bfQui\u00e9n es Gustavo Santos?<\/mark><\/strong><\/h3>\n\n\n\n<p>Nacido el <strong>20 de mayo de 1993 en Valencia, Venezuela<\/strong>, el padre Gustavo Santos fue ordenado en mayo de 2022 y actualmente presta servicio en la <strong>parroquia St. John Neumann de Miami<\/strong>.<\/p>\n\n\n\n<p>En un video difundido en 2021 por el <strong>seminario St. Vincent de Paul<\/strong>, relat\u00f3 que dej\u00f3 Venezuela debido a la violencia: <em>\u201cFui a la universidad y despu\u00e9s me mandaron aqu\u00ed a los Estados Unidos por unos problemas de secuestro, ustedes saben la situaci\u00f3n del pa\u00eds. Cuando llegu\u00e9 aqu\u00ed perd\u00ed totalmente mi fe\u201d<\/em>, confes\u00f3 entonces.<\/p>\n\n\n\n<p>El caso de Santos, arrestado pese a contar con una visa v\u00e1lida, refleja la <strong>complejidad y la incertidumbre de los procesos migratorios en Estados Unidos<\/strong>. Su liberaci\u00f3n inmediata, gracias a la mediaci\u00f3n de la Arquidi\u00f3cesis, constituye una <strong>excepci\u00f3n en un contexto en el que miles de migrantes enfrentan detenciones inesperadas<\/strong>, aun cuando cumplen con los requisitos legales.<\/p>\n\n\n\n<p class=\"has-text-align-center\"><strong><a href=\"https:\/\/chat.whatsapp.com\/KWkTmakY3I05kNdd2oZl6d\"><em>\u00daNETE A NUESTRO GRUPO DE WHATSAPP PARA ESTAR INFORMADO<\/em><\/a><\/strong><\/p>\n\n\n\n<p class=\"has-text-align-right\"><strong><em>Con Informaci\u00f3n de eldiario.com.-<\/em><\/strong><\/p>\n","protected":false},"excerpt":{"rendered":"<p>El religioso Gustavo Santos tiene un visado v\u00e1lido hasta noviembre de 2025<\/p>\n","protected":false},"author":3,"featured_media":79346,"comment_status":"closed","ping_status":"closed","sticky":false,"template":"","format":"standard","meta":{"jnews-multi-image_gallery":[],"jnews_single_post":{"format":"standard"},"jnews_primary_category":[],"jnews_social_meta":[],"jnews_review":[],"enable_review":"","type":"","name":"","summary":"","brand":"","sku":"","good":[],"bad":[],"score_override":"","override_value":"","rating":[],"price":[],"jnews_override_counter":[],"jnews_post_split":[],"footnotes":""},"categories":[54],"tags":[136,2052,45,3821,2162],"class_list":["post-79345","post","type-post","status-publish","format-standard","has-post-thumbnail","hentry","category-inmigracion","tag-estados-unidos","tag-migrantes-venezolanos","tag-noticias","tag-sacerdote","tag-venezolanos"],"amp_enabled":true,"_links":{"self":[{"href":"https:\/\/esreviral.com\/index.php?rest_route=\/wp\/v2\/posts\/79345"}],"collection":[{"href":"https:\/\/esreviral.com\/index.php?rest_route=\/wp\/v2\/posts"}],"about":[{"href":"https:\/\/esreviral.com\/index.php?rest_route=\/wp\/v2\/types\/post"}],"author":[{"embeddable":true,"href":"https:\/\/esreviral.com\/index.php?rest_route=\/wp\/v2\/users\/3"}],"replies":[{"embeddable":true,"href":"https:\/\/esreviral.com\/index.php?rest_route=%2Fwp%2Fv2%2Fcomments&post=79345"}],"version-history":[{"count":1,"href":"https:\/\/esreviral.com\/index.php?rest_route=\/wp\/v2\/posts\/79345\/revisions"}],"predecessor-version":[{"id":79347,"href":"https:\/\/esreviral.com\/index.php?rest_route=\/wp\/v2\/posts\/79345\/revisions\/79347"}],"wp:featuredmedia":[{"embeddable":true,"href":"https:\/\/esreviral.com\/index.php?rest_route=\/wp\/v2\/media\/79346"}],"wp:attachment":[{"href":"https:\/\/esreviral.com\/index.php?rest_route=%2Fwp%2Fv2%2Fmedia&parent=79345"}],"wp:term":[{"taxonomy":"category","embeddable":true,"href":"https:\/\/esreviral.com\/index.php?rest_route=%2Fwp%2Fv2%2Fcategories&post=79345"},{"taxonomy":"post_tag","embeddable":true,"href":"https:\/\/esreviral.com\/index.php?rest_route=%2Fwp%2Fv2%2Ftags&post=79345"}],"curies":[{"name":"wp","href":"https:\/\/api.w.org\/{rel}","templated":true}]}}