{"id":79339,"date":"2025-08-20T14:11:33","date_gmt":"2025-08-20T19:11:33","guid":{"rendered":"https:\/\/esreviral.com\/?p=79339"},"modified":"2025-08-20T14:48:45","modified_gmt":"2025-08-20T19:48:45","slug":"madre-anhela-volver-a-su-pais-con-sus-hijos-tras-el-repentino-fallecimiento-de-su-esposo","status":"publish","type":"post","link":"https:\/\/esreviral.com\/?p=79339","title":{"rendered":"Madre anhela volver a su pa\u00eds con sus hijos, tras el repentino fallecimiento de su esposo"},"content":{"rendered":"\n<p>Damaly Delgado est\u00e1 sucumbida en la tristeza tras el fallecimiento de su esposo, Francisco Javier Cabello Montes, a quien cari\u00f1osamente le conoc\u00edan como Chico, y quien falleci\u00f3 repentinamente el pasado 08 de agosto. <\/p>\n\n\n\n<p>\u00ab\u00c9l ten\u00eda una celulitis cong\u00e9nita, lo llev\u00e9 el domingo pasado a la guardia, <strong>me le dieron un calmante para el dolor y me lo dieron de alta. El lunes tuve que llevarlo de vuelta debido a que ten\u00eda la pierna morada\u00bb<\/strong>, explic\u00f3. <\/p>\n\n\n\n<p>\u00abLe hicieron un coma inducido y me dijeron que deb\u00edan amputarle la pierna ya que era el foco infeccioso, por lo que acept\u00e9, \u00e9l soport\u00f3 la operaci\u00f3n pero estaba en estado cr\u00edtico. Tuvieron que intervenirlo nuevamente para quitar m\u00e1s infecci\u00f3n, a lo que resisti\u00f3 pero el d\u00eda viernes a las 04:45 a-m.,<strong> me llamaron los doctores de urgencia que fuera porque hab\u00eda pasado algo y es cuando me confirmaron su fallecimiento\u00bb. <\/strong><\/p>\n\n\n\n<p class=\"has-text-align-center\"><em><strong><em><strong><em><strong><em><strong><a href=\"https:\/\/t.me\/esreviral\">\u00daNETE A NUESTRO CANAL DE TELEGRAM PARA ESTAR INFORMADO<\/a><\/strong><\/em><\/strong><\/em><\/strong><\/em><\/strong><\/em><\/p>\n\n\n\n<figure class=\"wp-block-image size-large\"><img fetchpriority=\"high\" decoding=\"async\" width=\"1024\" height=\"576\" src=\"https:\/\/esreviral.com\/wp-content\/uploads\/2025\/08\/sapp-image-2025-08-12-at-9-16-12-am-1024x576.webp\" alt=\"\" class=\"wp-image-79341\" srcset=\"https:\/\/esreviral.com\/wp-content\/uploads\/2025\/08\/sapp-image-2025-08-12-at-9-16-12-am-1024x576.webp 1024w, https:\/\/esreviral.com\/wp-content\/uploads\/2025\/08\/sapp-image-2025-08-12-at-9-16-12-am-300x169.webp 300w, https:\/\/esreviral.com\/wp-content\/uploads\/2025\/08\/sapp-image-2025-08-12-at-9-16-12-am-768x432.webp 768w, https:\/\/esreviral.com\/wp-content\/uploads\/2025\/08\/sapp-image-2025-08-12-at-9-16-12-am-1536x864.webp 1536w, https:\/\/esreviral.com\/wp-content\/uploads\/2025\/08\/sapp-image-2025-08-12-at-9-16-12-am.webp 1599w\" sizes=\"(max-width: 1024px) 100vw, 1024px\" \/><figcaption class=\"wp-element-caption\">Francisco Javier fue cremado y ahora esperan llevarle las cenizas a sus familiares en Venezuela<\/figcaption><\/figure>\n\n\n\n<p>Con tan s\u00f3lo 29 a\u00f1os de edad, Francisco Javier perdi\u00f3 la vida. Ten\u00eda ocho a\u00f1os fuera de Venezuela, los \u00faltimos dos en Argentina donde trabajaba como delivery y los fines de semana como planchero en un emprendimiento gastron\u00f3mico.<\/p>\n\n\n\n<p>Ahora Damaly, anhela regresar a su pa\u00eds con sus dos hijos de 11 y nueve a\u00f1os de edad, a quienes Francisco Javier ten\u00eda como si fuesen hijos propios. La madre de dos, <strong>no cuenta con los recursos econ\u00f3mico necesarios para adquirir los tres boletos de retorno a Caracas, por lo que se apiada a la ayuda que puedan darle a trav\u00e9s de la cuenta de Mercado Pago a nombre de Damaly Delgado: <\/strong><\/p>\n\n\n\n<p><strong>CBU:<\/strong> 0000003100053489912814<\/p>\n\n\n\n<p><strong>Alias:<\/strong> DamalyD<\/p>\n\n\n\n<p class=\"has-text-align-center\"><strong><a href=\"https:\/\/chat.whatsapp.com\/KWkTmakY3I05kNdd2oZl6d\"><em>\u00daNETE A NUESTRO GRUPO DE WHATSAPP PARA ESTAR INFORMADO<\/em><\/a><\/strong><\/p>\n","protected":false},"excerpt":{"rendered":"<p>Damaly Delgado est\u00e1 sucumbida en la tristeza tras el fallecimiento de su esposo, Francisco Javier Cabello Montes, a quien cari\u00f1osamente le conoc\u00edan como Chico, y quien falleci\u00f3 repentinamente el pasado 08 de agosto. \u00ab\u00c9l ten\u00eda una celulitis cong\u00e9nita, lo llev\u00e9 el domingo pasado a la guardia, me le dieron un calmante para el dolor y [&hellip;]<\/p>\n","protected":false},"author":2,"featured_media":79342,"comment_status":"closed","ping_status":"closed","sticky":false,"template":"","format":"standard","meta":{"jnews-multi-image_gallery":[],"jnews_single_post":{"format":"standard"},"jnews_primary_category":[],"jnews_social_meta":[],"jnews_review":[],"enable_review":"","type":"","name":"","summary":"","brand":"","sku":"","good":[],"bad":[],"score_override":"","override_value":"","rating":[],"price":[],"jnews_override_counter":[],"jnews_post_split":[],"footnotes":""},"categories":[5892],"tags":[45,201,67],"class_list":["post-79339","post","type-post","status-publish","format-standard","has-post-thumbnail","hentry","category-venezolanos-en-argentina","tag-noticias","tag-servicio-publico","tag-venezolanos-en-argentina"],"amp_enabled":true,"_links":{"self":[{"href":"https:\/\/esreviral.com\/index.php?rest_route=\/wp\/v2\/posts\/79339"}],"collection":[{"href":"https:\/\/esreviral.com\/index.php?rest_route=\/wp\/v2\/posts"}],"about":[{"href":"https:\/\/esreviral.com\/index.php?rest_route=\/wp\/v2\/types\/post"}],"author":[{"embeddable":true,"href":"https:\/\/esreviral.com\/index.php?rest_route=\/wp\/v2\/users\/2"}],"replies":[{"embeddable":true,"href":"https:\/\/esreviral.com\/index.php?rest_route=%2Fwp%2Fv2%2Fcomments&post=79339"}],"version-history":[{"count":3,"href":"https:\/\/esreviral.com\/index.php?rest_route=\/wp\/v2\/posts\/79339\/revisions"}],"predecessor-version":[{"id":79354,"href":"https:\/\/esreviral.com\/index.php?rest_route=\/wp\/v2\/posts\/79339\/revisions\/79354"}],"wp:featuredmedia":[{"embeddable":true,"href":"https:\/\/esreviral.com\/index.php?rest_route=\/wp\/v2\/media\/79342"}],"wp:attachment":[{"href":"https:\/\/esreviral.com\/index.php?rest_route=%2Fwp%2Fv2%2Fmedia&parent=79339"}],"wp:term":[{"taxonomy":"category","embeddable":true,"href":"https:\/\/esreviral.com\/index.php?rest_route=%2Fwp%2Fv2%2Fcategories&post=79339"},{"taxonomy":"post_tag","embeddable":true,"href":"https:\/\/esreviral.com\/index.php?rest_route=%2Fwp%2Fv2%2Ftags&post=79339"}],"curies":[{"name":"wp","href":"https:\/\/api.w.org\/{rel}","templated":true}]}}