{"id":7932,"date":"2021-06-29T16:32:21","date_gmt":"2021-06-29T19:32:21","guid":{"rendered":"http:\/\/esreviral.com\/?p=7932"},"modified":"2021-06-29T16:32:21","modified_gmt":"2021-06-29T19:32:21","slug":"gremios-de-la-salud-en-argentina-anuncian-un-paro-para-jueves-y-viernes-que-afectara-clinicas-y-hospitales-privados","status":"publish","type":"post","link":"https:\/\/esreviral.com\/?p=7932","title":{"rendered":"Gremios de la salud en Argentina anuncian un paro para jueves y viernes que afectar\u00e1 cl\u00ednicas y hospitales privados"},"content":{"rendered":"\n<p>Los gremios agrupados en la\u00a0<strong>Federaci\u00f3n de Asociaciones de Trabajadores de la Sanidad Argentina (Fatsa)<\/strong>, que nuclean a empleados\u00a0de cl\u00ednicas y sanatorios privados, anunciaron\u00a0un\u00a0<strong>paro de actividades\u00a0<\/strong>para este jueves 1 y este viernes 2 de julio, en reclamo de mejoras salariales.<\/p>\n\n\n\n<p>En un comunicado firmado por\u00a0H\u00e9ctor Daer\u00a0y\u00a0Carlos West Ocampo, puntualizan el reclamo en una \u00abactualizaci\u00f3n de salarios b\u00e1sicos convencionales para todos los trabajadores de Cl\u00ednicas, Sanatorios, Hospitales de Comunidad, Servicio de Emergencias, Centros de Diagn\u00f3stico, Laboratorio de An\u00e1lisis Cl\u00ednicos, Institutos geri\u00e1tricos e Institutos Psiqui\u00e1tricos\u00bb.<\/p>\n\n\n\n<p>Seg\u00fan detallaron, de concretarse, el paro de actividades ser\u00e1 de&nbsp;<strong>cuatro horas por turno<\/strong>. Asimismo, dijeron que este martes 29 y mi\u00e9rcoles 30 continuar\u00e1n \u00abcon las&nbsp;<strong>asambleas en todos los sectores<\/strong>&nbsp;y turnos de cada establecimiento para los compa\u00f1eros puedan conocer las medidas dispuestas y recibir informaci\u00f3n necesaria\u00bb.<\/p>\n\n\n\n<p>Las asambleas cobraron fuerza en la\u00a0Ciudad de Buenos Aires ya desde este lunes, sin afectar las urgencias.<\/p>\n\n\n\n<p class=\"has-text-align-right\"><strong><em>Clar\u00edn.-<\/em><\/strong><\/p>\n\n\n\n<figure class=\"wp-block-embed-twitter wp-block-embed is-type-rich is-provider-twitter\"><div class=\"wp-block-embed__wrapper\">\n<blockquote class=\"twitter-tweet\" data-width=\"500\" data-dnt=\"true\"><p lang=\"es\" dir=\"ltr\">\ud83d\udce2\u00a1INFORMACI\u00d3N IMPORTANTE!<br>Compartimos el comunicado del estado de negociaci\u00f3n paritaria 2021 <br><br>Asambleas y Paro Nacional.<br><br>\ud83d\udd39Lunes 28, martes 29 y mi\u00e9rcoles 30 de junio Asambleas Informativas.<br>\ud83d\udd39Jueves 1 y viernes 2 de julio Paro Nacional de actividades de 4 hs por turno. <a href=\"https:\/\/t.co\/7gMRT3t0S7\">pic.twitter.com\/7gMRT3t0S7<\/a><\/p>&mdash; FATSA (@SanidadArg) <a href=\"https:\/\/twitter.com\/SanidadArg\/status\/1408518563334430724?ref_src=twsrc%5Etfw\">June 25, 2021<\/a><\/blockquote><script async src=\"https:\/\/platform.twitter.com\/widgets.js\" charset=\"utf-8\"><\/script>\n<\/div><\/figure>\n","protected":false},"excerpt":{"rendered":"<p>La medida ser\u00e1 durante cuatro horas por turno y, de concretarse, afectar\u00e1 la atenci\u00f3n no urgente en el principio de julio<\/p>\n","protected":false},"author":2,"featured_media":7934,"comment_status":"open","ping_status":"open","sticky":false,"template":"","format":"standard","meta":{"jnews-multi-image_gallery":[],"jnews_single_post":[],"jnews_primary_category":[],"jnews_social_meta":[],"jnews_review":[],"enable_review":"","type":"","name":"","summary":"","brand":"","sku":"","good":[],"bad":[],"score_override":"","override_value":"","rating":[],"price":[],"jnews_override_counter":[],"jnews_post_split":[],"footnotes":""},"categories":[58,84],"tags":[45,126,80],"class_list":["post-7932","post","type-post","status-publish","format-standard","has-post-thumbnail","hentry","category-argentina","category-salud","tag-noticias","tag-protesta","tag-trabajadores-de-la-salud"],"amp_enabled":true,"_links":{"self":[{"href":"https:\/\/esreviral.com\/index.php?rest_route=\/wp\/v2\/posts\/7932"}],"collection":[{"href":"https:\/\/esreviral.com\/index.php?rest_route=\/wp\/v2\/posts"}],"about":[{"href":"https:\/\/esreviral.com\/index.php?rest_route=\/wp\/v2\/types\/post"}],"author":[{"embeddable":true,"href":"https:\/\/esreviral.com\/index.php?rest_route=\/wp\/v2\/users\/2"}],"replies":[{"embeddable":true,"href":"https:\/\/esreviral.com\/index.php?rest_route=%2Fwp%2Fv2%2Fcomments&post=7932"}],"version-history":[{"count":0,"href":"https:\/\/esreviral.com\/index.php?rest_route=\/wp\/v2\/posts\/7932\/revisions"}],"wp:featuredmedia":[{"embeddable":true,"href":"https:\/\/esreviral.com\/index.php?rest_route=\/"}],"wp:attachment":[{"href":"https:\/\/esreviral.com\/index.php?rest_route=%2Fwp%2Fv2%2Fmedia&parent=7932"}],"wp:term":[{"taxonomy":"category","embeddable":true,"href":"https:\/\/esreviral.com\/index.php?rest_route=%2Fwp%2Fv2%2Fcategories&post=7932"},{"taxonomy":"post_tag","embeddable":true,"href":"https:\/\/esreviral.com\/index.php?rest_route=%2Fwp%2Fv2%2Ftags&post=7932"}],"curies":[{"name":"wp","href":"https:\/\/api.w.org\/{rel}","templated":true}]}}