{"id":79281,"date":"2025-08-20T07:54:00","date_gmt":"2025-08-20T12:54:00","guid":{"rendered":"https:\/\/esreviral.com\/?p=79281"},"modified":"2025-08-20T07:54:05","modified_gmt":"2025-08-20T12:54:05","slug":"donaron-una-silla-para-la-bebe-con-paralisis-cerebral","status":"publish","type":"post","link":"https:\/\/esreviral.com\/?p=79281","title":{"rendered":"Donaron una silla para la beb\u00e9 con par\u00e1lisis cerebral"},"content":{"rendered":"\n<p>En medio de la tragedia que padece la peque\u00f1a Samantha, por su par\u00e1lisis cerebral, se logr\u00f3 una donaci\u00f3n muy importante para su caso. Y es que despu\u00e9s de la publicaci\u00f3n en <strong><em>ES RE VIRAL<\/em><\/strong> y la colecta que se inici\u00f3 para la compra de su silla especial, una cuenta dedicada a la ayuda de familiares con personas con discapacidad, supo del caso, y les don\u00f3 la silla que requer\u00edan. <\/p>\n\n\n\n<p>\u00abEllos son de aqu\u00ed (Argentina) es una p\u00e1gina que publican lo de otras familias que donan y hubo una se\u00f1ora que lo public\u00f3 porque su hija es m\u00e1s grande y pues logramos contactar con ella, la probamos y le qued\u00f3. \u00a1De verdad s\u00faper feliz!\u00bb, coment\u00f3 Liliana Carolina Naraine, la madre de la peque\u00f1a. <\/p>\n\n\n\n<p>En principio la<strong> ONG Baires de Libertad y la parroquia Caacup\u00e9, le donaron una silla<\/strong> que aunque no era exactamente la indicada, pudo ayudarles mucho pero ahora tienen la indicada. Cabe destacar que con el dinero recolectado se han pagado las fisioterapias que requiere la peque\u00f1a, son al menos tres semanales para continuar con su recuperaci\u00f3n. <\/p>\n\n\n\n<figure class=\"wp-block-embed is-type-video is-provider-youtube wp-block-embed-youtube wp-embed-aspect-16-9 wp-has-aspect-ratio\"><div class=\"wp-block-embed__wrapper\">\n<div class=\"jeg_video_container jeg_video_content\"><iframe title=\"Beb\u00e9 sufri\u00f3 una par\u00e1lisis cerebral &quot;por negligencia m\u00e9dica&quot; en Argentina\" width=\"500\" height=\"281\" src=\"https:\/\/www.youtube.com\/embed\/gxUqlbS2E1w?feature=oembed\" frameborder=\"0\" allow=\"accelerometer; autoplay; clipboard-write; encrypted-media; gyroscope; picture-in-picture; web-share\" referrerpolicy=\"strict-origin-when-cross-origin\" allowfullscreen><\/iframe><\/div>\n<\/div><\/figure>\n","protected":false},"excerpt":{"rendered":"<p>En medio de la tragedia que padece la peque\u00f1a Samantha, por su par\u00e1lisis cerebral, se logr\u00f3 una donaci\u00f3n muy importante para su caso. Y es que despu\u00e9s de la publicaci\u00f3n en ES RE VIRAL y la colecta que se inici\u00f3 para la compra de su silla especial, una cuenta dedicada a la ayuda de familiares [&hellip;]<\/p>\n","protected":false},"author":2,"featured_media":79285,"comment_status":"closed","ping_status":"closed","sticky":false,"template":"","format":"standard","meta":{"jnews-multi-image_gallery":[],"jnews_single_post":{"format":"standard"},"jnews_primary_category":[],"jnews_social_meta":[],"jnews_review":[],"enable_review":"","type":"","name":"","summary":"","brand":"","sku":"","good":[],"bad":[],"score_override":"","override_value":"","rating":[],"price":[],"jnews_override_counter":[],"jnews_post_split":[],"footnotes":""},"categories":[5892],"tags":[44,45,34830,67],"class_list":["post-79281","post","type-post","status-publish","format-standard","has-post-thumbnail","hentry","category-venezolanos-en-argentina","tag-argentina","tag-noticias","tag-samantha","tag-venezolanos-en-argentina"],"amp_enabled":true,"_links":{"self":[{"href":"https:\/\/esreviral.com\/index.php?rest_route=\/wp\/v2\/posts\/79281"}],"collection":[{"href":"https:\/\/esreviral.com\/index.php?rest_route=\/wp\/v2\/posts"}],"about":[{"href":"https:\/\/esreviral.com\/index.php?rest_route=\/wp\/v2\/types\/post"}],"author":[{"embeddable":true,"href":"https:\/\/esreviral.com\/index.php?rest_route=\/wp\/v2\/users\/2"}],"replies":[{"embeddable":true,"href":"https:\/\/esreviral.com\/index.php?rest_route=%2Fwp%2Fv2%2Fcomments&post=79281"}],"version-history":[{"count":1,"href":"https:\/\/esreviral.com\/index.php?rest_route=\/wp\/v2\/posts\/79281\/revisions"}],"predecessor-version":[{"id":79286,"href":"https:\/\/esreviral.com\/index.php?rest_route=\/wp\/v2\/posts\/79281\/revisions\/79286"}],"wp:featuredmedia":[{"embeddable":true,"href":"https:\/\/esreviral.com\/index.php?rest_route=\/wp\/v2\/media\/79285"}],"wp:attachment":[{"href":"https:\/\/esreviral.com\/index.php?rest_route=%2Fwp%2Fv2%2Fmedia&parent=79281"}],"wp:term":[{"taxonomy":"category","embeddable":true,"href":"https:\/\/esreviral.com\/index.php?rest_route=%2Fwp%2Fv2%2Fcategories&post=79281"},{"taxonomy":"post_tag","embeddable":true,"href":"https:\/\/esreviral.com\/index.php?rest_route=%2Fwp%2Fv2%2Ftags&post=79281"}],"curies":[{"name":"wp","href":"https:\/\/api.w.org\/{rel}","templated":true}]}}